{"id":1021,"date":"2020-11-11T10:00:57","date_gmt":"2020-11-11T10:00:57","guid":{"rendered":"http:\/\/saude.local\/gmpi\/?p=1021"},"modified":"2020-12-15T15:28:33","modified_gmt":"2020-12-15T15:28:33","slug":"noticia-2","status":"publish","type":"post","link":"https:\/\/saude.ufpr.br\/bdh\/noticia-2\/","title":{"rendered":"Participa\u00e7\u00e3o na 55\u00aa Reuni\u00e3o Anual da ABENO"},"content":{"rendered":"<p>A equipe do BDH-UFPR apresentou 2 trabalhos na \u00a0<strong><a role=\"link\" href=\"https:\/\/abeno.consultoriaasap.com.br\/school\" rel=\"noreferrer noopener\" aria-label=\"55\u00aa Reuni\u00e3o Anual da Associa\u00e7\u00e3o Brasileira de Ensino Odontol\u00f3gico (Abeno) (abre numa nova aba)\">55\u00aa Reuni\u00e3o Anual da Associa\u00e7\u00e3o Brasileira de Ensino Odontol\u00f3gico (Abeno)<\/a><\/strong>. Os trabalhos foram: <strong>&#8220;An\u00e1lise do Acervo do BDH-UFPR e do Perfil dos Doadores&#8221;\u00a0<\/strong>apresentado pelo aluno Jo\u00e3o Gabriel Gava Sauchuk (8\u00ba per\u00edodo, Odontologia-UFPR) e <strong>&#8220;Funcionamento do Biobanco de Dentes Humanos &#8211; UFPR: Relato de experi\u00eancia&#8221;<\/strong> apresentado pela aluna Jessica Cristine Marciniack (4\u00ba per\u00edodo, Odontologia-UFPR).<\/p>\n","protected":false},"excerpt":{"rendered":"<p>A equipe do BDH-UFPR apresentou 2 trabalhos na \u00a055\u00aa Reuni\u00e3o Anual da Associa\u00e7\u00e3o Brasileira de Ensino Odontol\u00f3gico (Abeno). Os trabalhos foram: &#8220;An\u00e1lise do Acervo do BDH-UFPR e do Perfil dos Doadores&#8221;\u00a0apresentado pelo aluno Jo\u00e3o Gabriel Gava Sauchuk (8\u00ba per\u00edodo, Odontologia-UFPR) e &#8220;Funcionamento do Biobanco de Dentes Humanos &#8211; UFPR: Relato de experi\u00eancia&#8221; apresentado pela aluna<br \/> <a href=\"https:\/\/saude.ufpr.br\/bdh\/noticia-2\/\" class=\"button success small readmore\">Leia mais<\/a><\/p>\n","protected":false},"author":1615,"featured_media":1624,"comment_status":"open","ping_status":"open","sticky":false,"template":"","format":"standard","meta":{"_acf_changed":false,"_uag_custom_page_level_css":"","footnotes":""},"categories":[2],"tags":[],"class_list":["post-1021","post","type-post","status-publish","format-standard","has-post-thumbnail","hentry","category-informativo"],"acf":[],"featured_image_src":"https:\/\/saude.ufpr.br\/bdh\/wp-content\/uploads\/sites\/49\/2017\/12\/abeno.png","author_info":{"display_name":"Guilherme","author_link":"https:\/\/saude.ufpr.br\/bdh\/author\/guilhermematos\/"},"uagb_featured_image_src":{"full":["https:\/\/saude.ufpr.br\/bdh\/wp-content\/uploads\/sites\/49\/2017\/12\/abeno.png",988,873,false],"thumbnail":["https:\/\/saude.ufpr.br\/bdh\/wp-content\/uploads\/sites\/49\/2017\/12\/abeno-150x150.png",150,150,true],"medium":["https:\/\/saude.ufpr.br\/bdh\/wp-content\/uploads\/sites\/49\/2017\/12\/abeno-300x265.png",300,265,true],"medium_large":["https:\/\/saude.ufpr.br\/bdh\/wp-content\/uploads\/sites\/49\/2017\/12\/abeno-768x679.png",768,679,true],"large":["https:\/\/saude.ufpr.br\/bdh\/wp-content\/uploads\/sites\/49\/2017\/12\/abeno.png",988,873,false],"1536x1536":["https:\/\/saude.ufpr.br\/bdh\/wp-content\/uploads\/sites\/49\/2017\/12\/abeno.png",988,873,false],"2048x2048":["https:\/\/saude.ufpr.br\/bdh\/wp-content\/uploads\/sites\/49\/2017\/12\/abeno.png",988,873,false],"noticias-thumb":["https:\/\/saude.ufpr.br\/bdh\/wp-content\/uploads\/sites\/49\/2017\/12\/abeno-580x326.png",580,326,true],"banners-thumb":["https:\/\/saude.ufpr.br\/bdh\/wp-content\/uploads\/sites\/49\/2017\/12\/abeno-988x150.png",988,150,true],"maisnoticias-thumb":["https:\/\/saude.ufpr.br\/bdh\/wp-content\/uploads\/sites\/49\/2017\/12\/abeno-160x90.png",160,90,true],"post-thumbnail":["https:\/\/saude.ufpr.br\/bdh\/wp-content\/uploads\/sites\/49\/2017\/12\/abeno-300x265.png",300,265,true]},"uagb_author_info":{"display_name":"Guilherme","author_link":"https:\/\/saude.ufpr.br\/bdh\/author\/guilhermematos\/"},"uagb_comment_info":0,"uagb_excerpt":"A equipe do BDH-UFPR apresentou 2 trabalhos na \u00a055\u00aa Reuni\u00e3o Anual da Associa\u00e7\u00e3o Brasileira de Ensino Odontol\u00f3gico (Abeno). Os trabalhos foram: &#8220;An\u00e1lise do Acervo do BDH-UFPR e do Perfil dos Doadores&#8221;\u00a0apresentado pelo aluno Jo\u00e3o Gabriel Gava Sauchuk (8\u00ba per\u00edodo, Odontologia-UFPR) e &#8220;Funcionamento do Biobanco de Dentes Humanos &#8211; UFPR: Relato de experi\u00eancia&#8221; apresentado pela aluna&hellip;","publishpress_future_action":{"enabled":false,"date":"2026-05-03 15:21:09","action":"change-status","newStatus":"draft","terms":[],"taxonomy":"category","extraData":[]},"publishpress_future_workflow_manual_trigger":{"enabledWorkflows":[]},"_links":{"self":[{"href":"https:\/\/saude.ufpr.br\/bdh\/wp-json\/wp\/v2\/posts\/1021","targetHints":{"allow":["GET"]}}],"collection":[{"href":"https:\/\/saude.ufpr.br\/bdh\/wp-json\/wp\/v2\/posts"}],"about":[{"href":"https:\/\/saude.ufpr.br\/bdh\/wp-json\/wp\/v2\/types\/post"}],"author":[{"embeddable":true,"href":"https:\/\/saude.ufpr.br\/bdh\/wp-json\/wp\/v2\/users\/1615"}],"replies":[{"embeddable":true,"href":"https:\/\/saude.ufpr.br\/bdh\/wp-json\/wp\/v2\/comments?post=1021"}],"version-history":[{"count":3,"href":"https:\/\/saude.ufpr.br\/bdh\/wp-json\/wp\/v2\/posts\/1021\/revisions"}],"predecessor-version":[{"id":1626,"href":"https:\/\/saude.ufpr.br\/bdh\/wp-json\/wp\/v2\/posts\/1021\/revisions\/1626"}],"wp:featuredmedia":[{"embeddable":true,"href":"https:\/\/saude.ufpr.br\/bdh\/wp-json\/wp\/v2\/media\/1624"}],"wp:attachment":[{"href":"https:\/\/saude.ufpr.br\/bdh\/wp-json\/wp\/v2\/media?parent=1021"}],"wp:term":[{"taxonomy":"category","embeddable":true,"href":"https:\/\/saude.ufpr.br\/bdh\/wp-json\/wp\/v2\/categories?post=1021"},{"taxonomy":"post_tag","embeddable":true,"href":"https:\/\/saude.ufpr.br\/bdh\/wp-json\/wp\/v2\/tags?post=1021"}],"curies":[{"name":"wp","href":"https:\/\/api.w.org\/{rel}","templated":true}]}}