{"id":2082,"date":"2023-05-02T08:54:49","date_gmt":"2023-05-02T11:54:49","guid":{"rendered":"https:\/\/saude.ufpr.br\/departamentodenutricao\/?p=2082"},"modified":"2023-05-02T08:54:49","modified_gmt":"2023-05-02T11:54:49","slug":"cecane-pr-processo-seletivo-para-profissional-autonomo-agente-do-pnae","status":"publish","type":"post","link":"https:\/\/saude.ufpr.br\/departamentodenutricao\/cecane-pr-processo-seletivo-para-profissional-autonomo-agente-do-pnae\/","title":{"rendered":"CECANE-PR: Processo seletivo para profissional aut\u00f4nomo &#8211; agente do PNAE"},"content":{"rendered":"<p>O Centro Colaborador em Alimenta\u00e7\u00e3o e Nutri\u00e7\u00e3o do Escolar do Paran\u00e1 (CECANE-PR), por meio da Funda\u00e7\u00e3o de Pesquisas Florestais do Paran\u00e1 e da Universidade Federal do Paran\u00e1 (FUPEF), torna p\u00fablico o edital de sele\u00e7\u00e3o de profissional aut\u00f4nomo para atuar como agente do Programa Nacional de Alimenta\u00e7\u00e3o Escolar (PNAE).<\/p>\n<p>Edital 04\/2023 &#8211; PROCESSO DE SELE\u00c7\u00c3O SIMPLIFICADO PARA CONTRATA\u00c7\u00c3O DE PROFISSIONAL AUT\u00d4NOMO T\u00c9CNICO ESPECIALIZADO, MODALIDADE SELE\u00c7\u00c3O DE CURR\u00cdCULO, ENTREVISTA E ESTUDO DE CASO<\/p>\n<p>Link:\u00a0<a id=\"LPlnk608630\" href=\"https:\/\/fupef.org.br\/edital-04-2023-ps-fupef-cecane\/\" target=\"_blank\" rel=\"noopener noreferrer\" data-auth=\"NotApplicable\" data-safelink=\"true\" data-linkindex=\"0\">https:\/\/fupef.org.br\/edital-04-2023-ps-fupef-cecane\/<\/a><\/p>\n<p><strong>Prazo para inscri\u00e7\u00e3o<\/strong>: at\u00e9 \u00e0s 12h do dia 12 de maio de 2023.<\/p>\n<p>CECANE PR: Vinculado ao departamento de Nutri\u00e7\u00e3o da UFPR, o CECANE PR a 15 anos atua junto a atores sociais do Programa Nacional de Alimenta\u00e7\u00e3o Escolar (PNAE) nos territ\u00f3rios paranaenses, para fomentar a execu\u00e7\u00e3o do programa e a promo\u00e7\u00e3o da Garantia do Direito Humano \u00e0 Alimenta\u00e7\u00e3o Adequada neste \u00e2mbito.<\/p>\n","protected":false},"excerpt":{"rendered":"<p>O Centro Colaborador em Alimenta\u00e7\u00e3o e Nutri\u00e7\u00e3o do Escolar do Paran\u00e1 (CECANE-PR), por meio da Funda\u00e7\u00e3o de Pesquisas Florestais do Paran\u00e1 e da Universidade Federal do Paran\u00e1 (FUPEF), torna p\u00fablico o edital de sele\u00e7\u00e3o de profissional aut\u00f4nomo para atuar como agente do Programa Nacional de Alimenta\u00e7\u00e3o Escolar (PNAE). Edital 04\/2023 &#8211; PROCESSO DE SELE\u00c7\u00c3O SIMPLIFICADO<br \/> <a href=\"https:\/\/saude.ufpr.br\/departamentodenutricao\/cecane-pr-processo-seletivo-para-profissional-autonomo-agente-do-pnae\/\" class=\"button success small readmore\">Leia mais<\/a><\/p>\n","protected":false},"author":1694,"featured_media":0,"comment_status":"open","ping_status":"open","sticky":false,"template":"","format":"standard","meta":{"_acf_changed":false,"_uag_custom_page_level_css":"","footnotes":""},"categories":[1],"tags":[],"class_list":["post-2082","post","type-post","status-publish","format-standard","hentry","category-noticias"],"acf":[],"featured_image_src":null,"author_info":{"display_name":"erica","author_link":"https:\/\/saude.ufpr.br\/departamentodenutricao\/author\/erica\/"},"uagb_featured_image_src":{"full":false,"thumbnail":false,"medium":false,"medium_large":false,"large":false,"1536x1536":false,"2048x2048":false,"noticias-thumb":false,"banners-thumb":false,"maisnoticias-thumb":false,"post-thumbnail":false},"uagb_author_info":{"display_name":"erica","author_link":"https:\/\/saude.ufpr.br\/departamentodenutricao\/author\/erica\/"},"uagb_comment_info":0,"uagb_excerpt":"O Centro Colaborador em Alimenta\u00e7\u00e3o e Nutri\u00e7\u00e3o do Escolar do Paran\u00e1 (CECANE-PR), por meio da Funda\u00e7\u00e3o de Pesquisas Florestais do Paran\u00e1 e da Universidade Federal do Paran\u00e1 (FUPEF), torna p\u00fablico o edital de sele\u00e7\u00e3o de profissional aut\u00f4nomo para atuar como agente do Programa Nacional de Alimenta\u00e7\u00e3o Escolar (PNAE). Edital 04\/2023 &#8211; PROCESSO DE SELE\u00c7\u00c3O SIMPLIFICADO&hellip;","publishpress_future_action":{"enabled":false,"date":"2026-05-10 11:35:39","action":"change-status","newStatus":"draft","terms":[],"taxonomy":"category","extraData":[]},"publishpress_future_workflow_manual_trigger":{"enabledWorkflows":[]},"_links":{"self":[{"href":"https:\/\/saude.ufpr.br\/departamentodenutricao\/wp-json\/wp\/v2\/posts\/2082","targetHints":{"allow":["GET"]}}],"collection":[{"href":"https:\/\/saude.ufpr.br\/departamentodenutricao\/wp-json\/wp\/v2\/posts"}],"about":[{"href":"https:\/\/saude.ufpr.br\/departamentodenutricao\/wp-json\/wp\/v2\/types\/post"}],"author":[{"embeddable":true,"href":"https:\/\/saude.ufpr.br\/departamentodenutricao\/wp-json\/wp\/v2\/users\/1694"}],"replies":[{"embeddable":true,"href":"https:\/\/saude.ufpr.br\/departamentodenutricao\/wp-json\/wp\/v2\/comments?post=2082"}],"version-history":[{"count":1,"href":"https:\/\/saude.ufpr.br\/departamentodenutricao\/wp-json\/wp\/v2\/posts\/2082\/revisions"}],"predecessor-version":[{"id":2083,"href":"https:\/\/saude.ufpr.br\/departamentodenutricao\/wp-json\/wp\/v2\/posts\/2082\/revisions\/2083"}],"wp:attachment":[{"href":"https:\/\/saude.ufpr.br\/departamentodenutricao\/wp-json\/wp\/v2\/media?parent=2082"}],"wp:term":[{"taxonomy":"category","embeddable":true,"href":"https:\/\/saude.ufpr.br\/departamentodenutricao\/wp-json\/wp\/v2\/categories?post=2082"},{"taxonomy":"post_tag","embeddable":true,"href":"https:\/\/saude.ufpr.br\/departamentodenutricao\/wp-json\/wp\/v2\/tags?post=2082"}],"curies":[{"name":"wp","href":"https:\/\/api.w.org\/{rel}","templated":true}]}}