{"id":410,"date":"2021-08-20T14:11:51","date_gmt":"2021-08-20T17:11:51","guid":{"rendered":"https:\/\/saude.ufpr.br\/dmfp\/?p=410"},"modified":"2021-08-21T19:35:58","modified_gmt":"2021-08-21T22:35:58","slug":"resultado-da-prova-escrita-do-concurso-dmfp","status":"publish","type":"post","link":"https:\/\/saude.ufpr.br\/dmfp\/2021\/08\/20\/resultado-da-prova-escrita-do-concurso-dmfp\/","title":{"rendered":"Resultado da Prova Escrita do Concurso DMFP"},"content":{"rendered":"<p style=\"text-align: center\"><strong>EDITAL DOS CANDIDATOS APROVADOS NA PROVA ESCRITA\u00a0<\/strong><br \/>\n<strong>Data da Realiza\u00e7\u00e3o: 20\/08\/2021<\/strong><\/p>\n<p>\u00a0O Departamento de Medicina Forense e Psiquiatria disp\u00f5e a lista dos candidatos aprovados na etapa da fase escrita realizada no dia 20\/08\/2021 do Concurso P\u00fablico para Carreira do Magist\u00e9rio Superior da Universidade Federal do Paran\u00e1, Setor de Ci\u00eancias da Sa\u00fade, Professor Classe A, Adjunto A, N\u00edvel I, Regime de Trabalho: 20 horas semanais, na \u00e1rea de conhecimento Psiquiatria, aberto atrav\u00e9s do Edital 434\/19 \u2013 PROGEPE e edital complementar n\u00ba 213\/21-PROGEPE\/2021 , conforme abaixo:<\/p>\n<p><strong>Candidatos por ordem de inscri\u00e7\u00e3o:<\/strong><\/p>\n<p><strong>1. Gabriela Lon Nuernberg<\/strong><\/p>\n<p><strong>2. Marcus Kiti Borges<\/strong><\/p>\n<p><strong>3. Gabriela Mour\u00e3o Ferreira<\/strong><\/p>\n","protected":false},"excerpt":{"rendered":"<p>EDITAL DOS CANDIDATOS APROVADOS NA PROVA ESCRITA\u00a0 Data da Realiza\u00e7\u00e3o: 20\/08\/2021 \u00a0O Departamento de Medicina Forense e Psiquiatria disp\u00f5e a lista dos candidatos aprovados na etapa da fase escrita realizada no dia 20\/08\/2021 do Concurso P\u00fablico para Carreira do Magist\u00e9rio Superior da Universidade Federal do Paran\u00e1, Setor de Ci\u00eancias da Sa\u00fade, Professor Classe A, Adjunto<br \/> <a href=\"https:\/\/saude.ufpr.br\/dmfp\/2021\/08\/20\/resultado-da-prova-escrita-do-concurso-dmfp\/\" class=\"button success small readmore\">Leia mais<\/a><\/p>\n","protected":false},"author":1648,"featured_media":0,"comment_status":"open","ping_status":"open","sticky":false,"template":"","format":"standard","meta":{"_acf_changed":false,"_uag_custom_page_level_css":"","footnotes":""},"categories":[1],"tags":[],"class_list":["post-410","post","type-post","status-publish","format-standard","hentry","category-sem-categoria"],"acf":[],"featured_image_src":null,"author_info":{"display_name":"leticia","author_link":"https:\/\/saude.ufpr.br\/dmfp\/author\/leticia\/"},"uagb_featured_image_src":{"full":false,"thumbnail":false,"medium":false,"medium_large":false,"large":false,"1536x1536":false,"2048x2048":false,"noticias-thumb":false,"banners-thumb":false,"maisnoticias-thumb":false,"post-thumbnail":false},"uagb_author_info":{"display_name":"leticia","author_link":"https:\/\/saude.ufpr.br\/dmfp\/author\/leticia\/"},"uagb_comment_info":0,"uagb_excerpt":"EDITAL DOS CANDIDATOS APROVADOS NA PROVA ESCRITA\u00a0 Data da Realiza\u00e7\u00e3o: 20\/08\/2021 \u00a0O Departamento de Medicina Forense e Psiquiatria disp\u00f5e a lista dos candidatos aprovados na etapa da fase escrita realizada no dia 20\/08\/2021 do Concurso P\u00fablico para Carreira do Magist\u00e9rio Superior da Universidade Federal do Paran\u00e1, Setor de Ci\u00eancias da Sa\u00fade, Professor Classe A, Adjunto&hellip;","publishpress_future_action":{"enabled":false,"date":"2026-05-03 16:53:46","action":"change-status","newStatus":"draft","terms":[],"taxonomy":"category","extraData":[]},"publishpress_future_workflow_manual_trigger":{"enabledWorkflows":[]},"_links":{"self":[{"href":"https:\/\/saude.ufpr.br\/dmfp\/wp-json\/wp\/v2\/posts\/410","targetHints":{"allow":["GET"]}}],"collection":[{"href":"https:\/\/saude.ufpr.br\/dmfp\/wp-json\/wp\/v2\/posts"}],"about":[{"href":"https:\/\/saude.ufpr.br\/dmfp\/wp-json\/wp\/v2\/types\/post"}],"author":[{"embeddable":true,"href":"https:\/\/saude.ufpr.br\/dmfp\/wp-json\/wp\/v2\/users\/1648"}],"replies":[{"embeddable":true,"href":"https:\/\/saude.ufpr.br\/dmfp\/wp-json\/wp\/v2\/comments?post=410"}],"version-history":[{"count":12,"href":"https:\/\/saude.ufpr.br\/dmfp\/wp-json\/wp\/v2\/posts\/410\/revisions"}],"predecessor-version":[{"id":430,"href":"https:\/\/saude.ufpr.br\/dmfp\/wp-json\/wp\/v2\/posts\/410\/revisions\/430"}],"wp:attachment":[{"href":"https:\/\/saude.ufpr.br\/dmfp\/wp-json\/wp\/v2\/media?parent=410"}],"wp:term":[{"taxonomy":"category","embeddable":true,"href":"https:\/\/saude.ufpr.br\/dmfp\/wp-json\/wp\/v2\/categories?post=410"},{"taxonomy":"post_tag","embeddable":true,"href":"https:\/\/saude.ufpr.br\/dmfp\/wp-json\/wp\/v2\/tags?post=410"}],"curies":[{"name":"wp","href":"https:\/\/api.w.org\/{rel}","templated":true}]}}