{"id":549,"date":"2023-01-09T10:03:30","date_gmt":"2023-01-09T13:03:30","guid":{"rendered":"https:\/\/saude.ufpr.br\/dmfp\/?p=549"},"modified":"2023-01-09T10:37:54","modified_gmt":"2023-01-09T13:37:54","slug":"edital-de-selecao-de-monitores-mf062-desenvolvimento-humano","status":"publish","type":"post","link":"https:\/\/saude.ufpr.br\/dmfp\/2023\/01\/09\/edital-de-selecao-de-monitores-mf062-desenvolvimento-humano\/","title":{"rendered":"Resultado da sele\u00e7\u00e3o de monitores: MF062-Desenvolvimento Humano"},"content":{"rendered":"<ul>\n<li><a href=\"https:\/\/saude.ufpr.br\/dmfp\/wp-content\/uploads\/sites\/33\/2023\/01\/RESULTADODesenHumano2023Jan.pdf\" target=\"_blank\" rel=\"noopener\">Resultado da sele\u00e7\u00e3o de monitores<\/a><\/li>\n<li><a href=\"https:\/\/saude.ufpr.br\/dmfp\/wp-content\/uploads\/sites\/33\/2023\/01\/EditalMonitoriaDH2023.pdf\" target=\"_blank\" rel=\"noopener\">Edital de sele\u00e7\u00e3o de monitores &#8211; Disciplina Desenvolvimento Humano<\/a><\/li>\n<\/ul>\n","protected":false},"excerpt":{"rendered":"<p>Resultado da sele\u00e7\u00e3o de monitores Edital de sele\u00e7\u00e3o de monitores &#8211; Disciplina Desenvolvimento Humano<\/p>\n","protected":false},"author":15,"featured_media":0,"comment_status":"open","ping_status":"open","sticky":false,"template":"","format":"standard","meta":{"_acf_changed":false,"_uag_custom_page_level_css":"","footnotes":""},"categories":[1],"tags":[],"class_list":["post-549","post","type-post","status-publish","format-standard","hentry","category-sem-categoria"],"acf":[],"featured_image_src":null,"author_info":{"display_name":"Andrea Jankoski","author_link":"https:\/\/saude.ufpr.br\/dmfp\/author\/andrea\/"},"uagb_featured_image_src":{"full":false,"thumbnail":false,"medium":false,"medium_large":false,"large":false,"1536x1536":false,"2048x2048":false,"noticias-thumb":false,"banners-thumb":false,"maisnoticias-thumb":false,"post-thumbnail":false},"uagb_author_info":{"display_name":"Andrea Jankoski","author_link":"https:\/\/saude.ufpr.br\/dmfp\/author\/andrea\/"},"uagb_comment_info":0,"uagb_excerpt":"Resultado da sele\u00e7\u00e3o de monitores Edital de sele\u00e7\u00e3o de monitores &#8211; Disciplina Desenvolvimento Humano","publishpress_future_action":{"enabled":false,"date":"2026-05-03 16:53:45","action":"change-status","newStatus":"draft","terms":[],"taxonomy":"category","extraData":[]},"publishpress_future_workflow_manual_trigger":{"enabledWorkflows":[]},"_links":{"self":[{"href":"https:\/\/saude.ufpr.br\/dmfp\/wp-json\/wp\/v2\/posts\/549","targetHints":{"allow":["GET"]}}],"collection":[{"href":"https:\/\/saude.ufpr.br\/dmfp\/wp-json\/wp\/v2\/posts"}],"about":[{"href":"https:\/\/saude.ufpr.br\/dmfp\/wp-json\/wp\/v2\/types\/post"}],"author":[{"embeddable":true,"href":"https:\/\/saude.ufpr.br\/dmfp\/wp-json\/wp\/v2\/users\/15"}],"replies":[{"embeddable":true,"href":"https:\/\/saude.ufpr.br\/dmfp\/wp-json\/wp\/v2\/comments?post=549"}],"version-history":[{"count":2,"href":"https:\/\/saude.ufpr.br\/dmfp\/wp-json\/wp\/v2\/posts\/549\/revisions"}],"predecessor-version":[{"id":558,"href":"https:\/\/saude.ufpr.br\/dmfp\/wp-json\/wp\/v2\/posts\/549\/revisions\/558"}],"wp:attachment":[{"href":"https:\/\/saude.ufpr.br\/dmfp\/wp-json\/wp\/v2\/media?parent=549"}],"wp:term":[{"taxonomy":"category","embeddable":true,"href":"https:\/\/saude.ufpr.br\/dmfp\/wp-json\/wp\/v2\/categories?post=549"},{"taxonomy":"post_tag","embeddable":true,"href":"https:\/\/saude.ufpr.br\/dmfp\/wp-json\/wp\/v2\/tags?post=549"}],"curies":[{"name":"wp","href":"https:\/\/api.w.org\/{rel}","templated":true}]}}