{"id":551,"date":"2023-01-09T10:00:06","date_gmt":"2023-01-09T13:00:06","guid":{"rendered":"https:\/\/saude.ufpr.br\/dmfp\/?p=551"},"modified":"2023-01-09T10:37:30","modified_gmt":"2023-01-09T13:37:30","slug":"edital-de-selecao-de-monitores-mf048-bases-filosoficas-da-pratica-medica","status":"publish","type":"post","link":"https:\/\/saude.ufpr.br\/dmfp\/2023\/01\/09\/edital-de-selecao-de-monitores-mf048-bases-filosoficas-da-pratica-medica\/","title":{"rendered":"Resultado da sele\u00e7\u00e3o de monitores: MF048 &#8211; Bases Filos\u00f3ficas da Pr\u00e1tica M\u00e9dica"},"content":{"rendered":"<ul>\n<li><a href=\"https:\/\/saude.ufpr.br\/dmfp\/wp-content\/uploads\/sites\/33\/2023\/01\/ResultadoMonitoriaBasesJan2023.pdf\" target=\"_blank\" rel=\"noopener\">Resultado da sele\u00e7\u00e3o de monitores<\/a><\/li>\n<li><a href=\"https:\/\/saude.ufpr.br\/dmfp\/wp-content\/uploads\/sites\/33\/2023\/01\/EditalMonitoriaBases2023.pdf\" target=\"_blank\" rel=\"noopener\">Edital de sele\u00e7\u00e3o de monitores &#8211; MF048 &#8211; Bases Filos\u00f3ficas da Pr\u00e1tica M\u00e9dica<\/a><\/li>\n<\/ul>\n","protected":false},"excerpt":{"rendered":"<p>Resultado da sele\u00e7\u00e3o de monitores Edital de sele\u00e7\u00e3o de monitores &#8211; MF048 &#8211; Bases Filos\u00f3ficas da Pr\u00e1tica M\u00e9dica<\/p>\n","protected":false},"author":15,"featured_media":0,"comment_status":"open","ping_status":"open","sticky":false,"template":"","format":"standard","meta":{"_acf_changed":false,"_uag_custom_page_level_css":"","footnotes":""},"categories":[1],"tags":[],"class_list":["post-551","post","type-post","status-publish","format-standard","hentry","category-sem-categoria"],"acf":[],"featured_image_src":null,"author_info":{"display_name":"Andrea Jankoski","author_link":"https:\/\/saude.ufpr.br\/dmfp\/author\/andrea\/"},"uagb_featured_image_src":{"full":false,"thumbnail":false,"medium":false,"medium_large":false,"large":false,"1536x1536":false,"2048x2048":false,"noticias-thumb":false,"banners-thumb":false,"maisnoticias-thumb":false,"post-thumbnail":false},"uagb_author_info":{"display_name":"Andrea Jankoski","author_link":"https:\/\/saude.ufpr.br\/dmfp\/author\/andrea\/"},"uagb_comment_info":0,"uagb_excerpt":"Resultado da sele\u00e7\u00e3o de monitores Edital de sele\u00e7\u00e3o de monitores &#8211; MF048 &#8211; Bases Filos\u00f3ficas da Pr\u00e1tica M\u00e9dica","publishpress_future_action":{"enabled":false,"date":"2026-05-07 18:02:38","action":"change-status","newStatus":"draft","terms":[],"taxonomy":"category","extraData":[]},"publishpress_future_workflow_manual_trigger":{"enabledWorkflows":[]},"_links":{"self":[{"href":"https:\/\/saude.ufpr.br\/dmfp\/wp-json\/wp\/v2\/posts\/551","targetHints":{"allow":["GET"]}}],"collection":[{"href":"https:\/\/saude.ufpr.br\/dmfp\/wp-json\/wp\/v2\/posts"}],"about":[{"href":"https:\/\/saude.ufpr.br\/dmfp\/wp-json\/wp\/v2\/types\/post"}],"author":[{"embeddable":true,"href":"https:\/\/saude.ufpr.br\/dmfp\/wp-json\/wp\/v2\/users\/15"}],"replies":[{"embeddable":true,"href":"https:\/\/saude.ufpr.br\/dmfp\/wp-json\/wp\/v2\/comments?post=551"}],"version-history":[{"count":4,"href":"https:\/\/saude.ufpr.br\/dmfp\/wp-json\/wp\/v2\/posts\/551\/revisions"}],"predecessor-version":[{"id":559,"href":"https:\/\/saude.ufpr.br\/dmfp\/wp-json\/wp\/v2\/posts\/551\/revisions\/559"}],"wp:attachment":[{"href":"https:\/\/saude.ufpr.br\/dmfp\/wp-json\/wp\/v2\/media?parent=551"}],"wp:term":[{"taxonomy":"category","embeddable":true,"href":"https:\/\/saude.ufpr.br\/dmfp\/wp-json\/wp\/v2\/categories?post=551"},{"taxonomy":"post_tag","embeddable":true,"href":"https:\/\/saude.ufpr.br\/dmfp\/wp-json\/wp\/v2\/tags?post=551"}],"curies":[{"name":"wp","href":"https:\/\/api.w.org\/{rel}","templated":true}]}}