{"id":3077,"date":"2025-03-17T09:24:40","date_gmt":"2025-03-17T12:24:40","guid":{"rendered":"https:\/\/saude.ufpr.br\/epmufpr\/?p=3077"},"modified":"2025-03-17T10:24:56","modified_gmt":"2025-03-17T13:24:56","slug":"lancamento-do-livro-pericias-medicas-fundamentos-e-pratica-pericial-2","status":"publish","type":"post","link":"https:\/\/saude.ufpr.br\/epmufpr\/lancamento-do-livro-pericias-medicas-fundamentos-e-pratica-pericial-2\/","title":{"rendered":"Lan\u00e7amento do Livro: Per\u00edcias M\u00e9dicas \u2013 Fundamentos e Pr\u00e1tica\u00a0Pericial"},"content":{"rendered":"<p>O Livro PER\u00cdCIAS M\u00c9DICAS Fundamentos e Pr\u00e1tica Pericial, foi elaborado pelos docentes da P\u00f3s-gradua\u00e7\u00e3o em Per\u00edcias M\u00e9dicas da Universidade Federal do Paran\u00e1, como livro-texto do curso e como forma de difundir os conhecimentos te\u00f3ricos e pr\u00e1ticos da especialidade m\u00e9dica pericial.<br \/>\nA Universidade Federal do Paran\u00e1 (UFPR), por meio de seu programa de P\u00f3s-Gradua\u00e7\u00e3o em Per\u00edcias M\u00e9dicas, apresenta a obra Per\u00edcias M\u00e9dicas \u2013 Fundamentos e Pr\u00e1tica Pericial.<\/p>\n<p>S\u00e3o 426 p\u00e1ginas, dividido em dezessete cap\u00edtulos nas \u00e1reas C\u00edvel, Securit\u00e1ria, Trabalhista, M\u00e9dico-legal, Previdenci\u00e1ria, Administrativa, dentre outras, passando pela elabora\u00e7\u00e3o dos laudos pericias.<\/p>\n<p><strong>Objetivo e P\u00fablico-Alvo<\/strong><br \/>\nO livro busca qualificar e aprimorar a forma\u00e7\u00e3o de profissionais que atuam ou participam na \u00e1rea de per\u00edcia m\u00e9dica. A necessidade de capacita\u00e7\u00e3o \u00e9 evidente diante da import\u00e2ncia dos laudos m\u00e9dicos periciais e nos processos judiciais.<\/p>\n<p>Os cap\u00edtulos abrem<\/p>\n<p>&#x2705; Conceitos e fundamentos da per\u00edcia m\u00e9dica<br \/>\n&#x2705; *Aspectos legais e responsabilidade do perito m\u00e9dico<br \/>\n&#x2705; *Prova pericial e honor\u00e1rios m\u00e9dicos<br \/>\n&#x2705; *Per\u00edcia trabalhista, previdenci\u00e1ria, securit\u00e1ria e administrativa<br \/>\n&#x2705; *Medicina do tr\u00e2nsito e per\u00edcia m\u00e9dico-legal<br \/>\n&#x2705; *Elabora\u00e7\u00e3o de laudos e quesitos periciais<br \/>\n&#x2705; *Documenta\u00e7\u00e3o legal e normativa aplic\u00e1vel<\/p>\n<p><strong>Material Complementar<\/strong><\/p>\n<p>&#x1f4cc; Modelos de propostas de honor\u00e1rios m\u00e9dicos judiciais<br \/>\n&#x1f4cc;Modelo de proposta de honor\u00e1rios m\u00e9dicos de assist\u00eancia t\u00e9cnica<br \/>\n&#x1f4cc;Modelo de peti\u00e7\u00e3o para nomea\u00e7\u00e3o como perito<br \/>\n&#x1f4cc;Modelo de resposta \u00e0 impugna\u00e7\u00e3o de honor\u00e1rios m\u00e9dicos periciais<br \/>\n&#x1f4cc;Modelo de laudo m\u00e9dico pericial<\/p>\n<p><strong>Contato<\/strong><br \/>\n&#x1f4de; Telefone, Whats:(41) 99898-9615<br \/>\n&#x1f4e9;E-mail: periciaufpr@gmail.com<br \/>\nS\u00edtio:<a href=\"https:\/\/saude.ufpr.br\/epmufpr\/\" target=\"_blank\" rel=\"noopener\">https:\/\/saude.ufpr.br\/epmufpr\/<\/a><\/p>\n<p>&#x1f4da; Garanta seu exemplar e aprofunde-se no universo da per\u00edcia m\u00e9dica!<\/p>\n","protected":false},"excerpt":{"rendered":"<p>O Livro PER\u00cdCIAS M\u00c9DICAS Fundamentos e Pr\u00e1tica Pericial, foi elaborado pelos docentes da P\u00f3s-gradua\u00e7\u00e3o em Per\u00edcias M\u00e9dicas da Universidade Federal do Paran\u00e1, como livro-texto do curso e como forma de difundir os conhecimentos te\u00f3ricos e pr\u00e1ticos da especialidade m\u00e9dica pericial. A Universidade Federal do Paran\u00e1 (UFPR), por meio de seu programa de P\u00f3s-Gradua\u00e7\u00e3o em Per\u00edcias<br \/> <a href=\"https:\/\/saude.ufpr.br\/epmufpr\/lancamento-do-livro-pericias-medicas-fundamentos-e-pratica-pericial-2\/\" class=\"button success small readmore\">Leia mais<\/a><\/p>\n","protected":false},"author":15,"featured_media":0,"comment_status":"open","ping_status":"open","sticky":true,"template":"","format":"standard","meta":{"_acf_changed":false,"_uag_custom_page_level_css":"","footnotes":""},"categories":[1],"tags":[],"class_list":["post-3077","post","type-post","status-publish","format-standard","hentry","category-sem-categoria"],"acf":[],"featured_image_src":null,"author_info":{"display_name":"Andrea Jankoski","author_link":"https:\/\/saude.ufpr.br\/epmufpr\/author\/andrea\/"},"uagb_featured_image_src":{"full":false,"thumbnail":false,"medium":false,"medium_large":false,"large":false,"1536x1536":false,"2048x2048":false,"noticias-thumb":false,"banners-thumb":false,"maisnoticias-thumb":false,"post-thumbnail":false},"uagb_author_info":{"display_name":"Andrea Jankoski","author_link":"https:\/\/saude.ufpr.br\/epmufpr\/author\/andrea\/"},"uagb_comment_info":0,"uagb_excerpt":"O Livro PER\u00cdCIAS M\u00c9DICAS Fundamentos e Pr\u00e1tica Pericial, foi elaborado pelos docentes da P\u00f3s-gradua\u00e7\u00e3o em Per\u00edcias M\u00e9dicas da Universidade Federal do Paran\u00e1, como livro-texto do curso e como forma de difundir os conhecimentos te\u00f3ricos e pr\u00e1ticos da especialidade m\u00e9dica pericial. A Universidade Federal do Paran\u00e1 (UFPR), por meio de seu programa de P\u00f3s-Gradua\u00e7\u00e3o em Per\u00edcias&hellip;","publishpress_future_action":{"enabled":false,"date":"2026-05-03 02:31:28","action":"change-status","newStatus":"draft","terms":[],"taxonomy":"category","extraData":[]},"publishpress_future_workflow_manual_trigger":{"enabledWorkflows":[]},"_links":{"self":[{"href":"https:\/\/saude.ufpr.br\/epmufpr\/wp-json\/wp\/v2\/posts\/3077","targetHints":{"allow":["GET"]}}],"collection":[{"href":"https:\/\/saude.ufpr.br\/epmufpr\/wp-json\/wp\/v2\/posts"}],"about":[{"href":"https:\/\/saude.ufpr.br\/epmufpr\/wp-json\/wp\/v2\/types\/post"}],"author":[{"embeddable":true,"href":"https:\/\/saude.ufpr.br\/epmufpr\/wp-json\/wp\/v2\/users\/15"}],"replies":[{"embeddable":true,"href":"https:\/\/saude.ufpr.br\/epmufpr\/wp-json\/wp\/v2\/comments?post=3077"}],"version-history":[{"count":3,"href":"https:\/\/saude.ufpr.br\/epmufpr\/wp-json\/wp\/v2\/posts\/3077\/revisions"}],"predecessor-version":[{"id":3081,"href":"https:\/\/saude.ufpr.br\/epmufpr\/wp-json\/wp\/v2\/posts\/3077\/revisions\/3081"}],"wp:attachment":[{"href":"https:\/\/saude.ufpr.br\/epmufpr\/wp-json\/wp\/v2\/media?parent=3077"}],"wp:term":[{"taxonomy":"category","embeddable":true,"href":"https:\/\/saude.ufpr.br\/epmufpr\/wp-json\/wp\/v2\/categories?post=3077"},{"taxonomy":"post_tag","embeddable":true,"href":"https:\/\/saude.ufpr.br\/epmufpr\/wp-json\/wp\/v2\/tags?post=3077"}],"curies":[{"name":"wp","href":"https:\/\/api.w.org\/{rel}","templated":true}]}}