{"id":2640,"date":"2026-03-23T16:03:20","date_gmt":"2026-03-23T16:03:20","guid":{"rendered":"https:\/\/saude.ufpr.br\/npscf\/?p=2640"},"modified":"2026-04-08T17:36:47","modified_gmt":"2026-04-08T17:36:47","slug":"edital-no-01-2026-npscf-selecao-de-estudantes-para-projeto-de-extensao","status":"publish","type":"post","link":"https:\/\/saude.ufpr.br\/npscf\/edital-no-01-2026-npscf-selecao-de-estudantes-para-projeto-de-extensao\/","title":{"rendered":"EDITAL N\u00ba 01\/2026\/NPSCF \u2013 SELE\u00c7\u00c3O DE ESTUDANTES PARA PROJETO DE EXTENS\u00c3O"},"content":{"rendered":"<p><a href=\"https:\/\/saude.ufpr.br\/npscf\/noticias\/\" target=\"_blank\" rel=\"noopener\">\u00a0<\/a><a href=\"https:\/\/saude.ufpr.br\/npscf\/wp-content\/uploads\/sites\/65\/2026\/03\/Edital_01_2026-3.pdf\">EDITAL N\u00ba 01\/2026\/NPSCF<\/a><\/p>\n<p><a href=\"https:\/\/saude.ufpr.br\/npscf\/wp-content\/uploads\/sites\/65\/2026\/03\/Resultado-final.pdf\">Resultado final<\/a><\/p>\n","protected":false},"excerpt":{"rendered":"<p>\u00a0EDITAL N\u00ba 01\/2026\/NPSCF Resultado final<\/p>\n","protected":false},"author":1753,"featured_media":0,"comment_status":"open","ping_status":"open","sticky":false,"template":"","format":"standard","meta":{"_acf_changed":false,"_uag_custom_page_level_css":"","footnotes":""},"categories":[3],"tags":[],"class_list":["post-2640","post","type-post","status-publish","format-standard","hentry","category-noticias"],"acf":[],"featured_image_src":null,"author_info":{"display_name":"savoldi","author_link":"https:\/\/saude.ufpr.br\/npscf\/author\/savoldi\/"},"uagb_featured_image_src":{"full":false,"thumbnail":false,"medium":false,"medium_large":false,"large":false,"1536x1536":false,"2048x2048":false,"noticias-thumb":false,"banners-thumb":false,"maisnoticias-thumb":false,"post-thumbnail":false},"uagb_author_info":{"display_name":"savoldi","author_link":"https:\/\/saude.ufpr.br\/npscf\/author\/savoldi\/"},"uagb_comment_info":0,"uagb_excerpt":"\u00a0EDITAL N\u00ba 01\/2026\/NPSCF Resultado final","publishpress_future_action":{"enabled":false,"date":"2026-05-03 15:17:48","action":"change-status","newStatus":"draft","terms":[],"taxonomy":"category","extraData":[]},"publishpress_future_workflow_manual_trigger":{"enabledWorkflows":[]},"_links":{"self":[{"href":"https:\/\/saude.ufpr.br\/npscf\/wp-json\/wp\/v2\/posts\/2640","targetHints":{"allow":["GET"]}}],"collection":[{"href":"https:\/\/saude.ufpr.br\/npscf\/wp-json\/wp\/v2\/posts"}],"about":[{"href":"https:\/\/saude.ufpr.br\/npscf\/wp-json\/wp\/v2\/types\/post"}],"author":[{"embeddable":true,"href":"https:\/\/saude.ufpr.br\/npscf\/wp-json\/wp\/v2\/users\/1753"}],"replies":[{"embeddable":true,"href":"https:\/\/saude.ufpr.br\/npscf\/wp-json\/wp\/v2\/comments?post=2640"}],"version-history":[{"count":10,"href":"https:\/\/saude.ufpr.br\/npscf\/wp-json\/wp\/v2\/posts\/2640\/revisions"}],"predecessor-version":[{"id":2663,"href":"https:\/\/saude.ufpr.br\/npscf\/wp-json\/wp\/v2\/posts\/2640\/revisions\/2663"}],"wp:attachment":[{"href":"https:\/\/saude.ufpr.br\/npscf\/wp-json\/wp\/v2\/media?parent=2640"}],"wp:term":[{"taxonomy":"category","embeddable":true,"href":"https:\/\/saude.ufpr.br\/npscf\/wp-json\/wp\/v2\/categories?post=2640"},{"taxonomy":"post_tag","embeddable":true,"href":"https:\/\/saude.ufpr.br\/npscf\/wp-json\/wp\/v2\/tags?post=2640"}],"curies":[{"name":"wp","href":"https:\/\/api.w.org\/{rel}","templated":true}]}}