{"id":2270,"date":"2024-07-11T07:18:40","date_gmt":"2024-07-11T10:18:40","guid":{"rendered":"https:\/\/saude.ufpr.br\/nutricao\/?p=2270"},"modified":"2024-07-11T07:18:40","modified_gmt":"2024-07-11T10:18:40","slug":"edital-no-03-2024-cnut-resultado-final-das-atividades-formativas-complementares-das-alunas-e-dos-alunos-do-curso-de-nutricao-da-ufpr-2024-1","status":"publish","type":"post","link":"https:\/\/saude.ufpr.br\/nutricao\/edital-no-03-2024-cnut-resultado-final-das-atividades-formativas-complementares-das-alunas-e-dos-alunos-do-curso-de-nutricao-da-ufpr-2024-1\/","title":{"rendered":"EDITAL N\u00ba 03\/2024 &#8211; CNUT -RESULTADO FINAL DAS ATIVIDADES FORMATIVAS COMPLEMENTARES DAS ALUNAS E DOS ALUNOS DO CURSO DE NUTRI\u00c7\u00c3O DA UFPR \u2013 2024.1"},"content":{"rendered":"<p>A Coordena\u00e7\u00e3o do Curso de Nutri\u00e7\u00e3o, no uso de suas atribui\u00e7\u00f5es, torna p\u00fablico o resultado final da homologa\u00e7\u00e3o das atividades formativas das alunas e alunos do Curso de Nutri\u00e7\u00e3o, conforme previsto pelo edital n\u00b0 01\/2024 \u2013 CNUT e demais resolu\u00e7\u00f5es vigentes<strong>.<\/strong><\/p>\n<p><a href=\"https:\/\/saude.ufpr.br\/nutricao\/wp-content\/uploads\/sites\/15\/2024\/07\/EDITAL-No03-RESULTADO-FINAL-DAS-ATIVIDADES-FORMATIVAS-COMPLEMENTARES-DAS-ALUNAS-E-DOS-ALUNOS-DO-CURSO-DE-NUTRICAO-DA-UFPR-\u2013-2024.1.pdf\">EDITAL N\u00ba03- RESULTADO FINAL DAS ATIVIDADES FORMATIVAS COMPLEMENTARES DAS ALUNAS E DOS ALUNOS DO CURSO DE NUTRI\u00c7\u00c3O DA UFPR \u2013 2024.1<\/a><\/p>\n","protected":false},"excerpt":{"rendered":"<p>A Coordena\u00e7\u00e3o do Curso de Nutri\u00e7\u00e3o, no uso de suas atribui\u00e7\u00f5es, torna p\u00fablico o resultado final da homologa\u00e7\u00e3o das atividades formativas das alunas e alunos do Curso de Nutri\u00e7\u00e3o, conforme previsto pelo edital n\u00b0 01\/2024 \u2013 CNUT e demais resolu\u00e7\u00f5es vigentes. EDITAL N\u00ba03- RESULTADO FINAL DAS ATIVIDADES FORMATIVAS COMPLEMENTARES DAS ALUNAS E DOS ALUNOS DO<br \/> <a href=\"https:\/\/saude.ufpr.br\/nutricao\/edital-no-03-2024-cnut-resultado-final-das-atividades-formativas-complementares-das-alunas-e-dos-alunos-do-curso-de-nutricao-da-ufpr-2024-1\/\" class=\"button success small readmore\">Leia mais<\/a><\/p>\n","protected":false},"author":1720,"featured_media":0,"comment_status":"open","ping_status":"open","sticky":false,"template":"","format":"standard","meta":{"_acf_changed":false,"_uag_custom_page_level_css":"","footnotes":""},"categories":[1],"tags":[],"class_list":["post-2270","post","type-post","status-publish","format-standard","hentry","category-sem-categoria"],"acf":[],"featured_image_src":null,"author_info":{"display_name":"josejunior","author_link":"https:\/\/saude.ufpr.br\/nutricao\/author\/josejunior\/"},"uagb_featured_image_src":{"full":false,"thumbnail":false,"medium":false,"medium_large":false,"large":false,"1536x1536":false,"2048x2048":false,"noticias-thumb":false,"banners-thumb":false,"maisnoticias-thumb":false,"post-thumbnail":false},"uagb_author_info":{"display_name":"josejunior","author_link":"https:\/\/saude.ufpr.br\/nutricao\/author\/josejunior\/"},"uagb_comment_info":0,"uagb_excerpt":"A Coordena\u00e7\u00e3o do Curso de Nutri\u00e7\u00e3o, no uso de suas atribui\u00e7\u00f5es, torna p\u00fablico o resultado final da homologa\u00e7\u00e3o das atividades formativas das alunas e alunos do Curso de Nutri\u00e7\u00e3o, conforme previsto pelo edital n\u00b0 01\/2024 \u2013 CNUT e demais resolu\u00e7\u00f5es vigentes. EDITAL N\u00ba03- RESULTADO FINAL DAS ATIVIDADES FORMATIVAS COMPLEMENTARES DAS ALUNAS E DOS ALUNOS DO&hellip;","publishpress_future_action":{"enabled":false,"date":"2026-05-03 20:08:43","action":"change-status","newStatus":"draft","terms":[],"taxonomy":"category","extraData":[]},"publishpress_future_workflow_manual_trigger":{"enabledWorkflows":[]},"_links":{"self":[{"href":"https:\/\/saude.ufpr.br\/nutricao\/wp-json\/wp\/v2\/posts\/2270","targetHints":{"allow":["GET"]}}],"collection":[{"href":"https:\/\/saude.ufpr.br\/nutricao\/wp-json\/wp\/v2\/posts"}],"about":[{"href":"https:\/\/saude.ufpr.br\/nutricao\/wp-json\/wp\/v2\/types\/post"}],"author":[{"embeddable":true,"href":"https:\/\/saude.ufpr.br\/nutricao\/wp-json\/wp\/v2\/users\/1720"}],"replies":[{"embeddable":true,"href":"https:\/\/saude.ufpr.br\/nutricao\/wp-json\/wp\/v2\/comments?post=2270"}],"version-history":[{"count":1,"href":"https:\/\/saude.ufpr.br\/nutricao\/wp-json\/wp\/v2\/posts\/2270\/revisions"}],"predecessor-version":[{"id":2272,"href":"https:\/\/saude.ufpr.br\/nutricao\/wp-json\/wp\/v2\/posts\/2270\/revisions\/2272"}],"wp:attachment":[{"href":"https:\/\/saude.ufpr.br\/nutricao\/wp-json\/wp\/v2\/media?parent=2270"}],"wp:term":[{"taxonomy":"category","embeddable":true,"href":"https:\/\/saude.ufpr.br\/nutricao\/wp-json\/wp\/v2\/categories?post=2270"},{"taxonomy":"post_tag","embeddable":true,"href":"https:\/\/saude.ufpr.br\/nutricao\/wp-json\/wp\/v2\/tags?post=2270"}],"curies":[{"name":"wp","href":"https:\/\/api.w.org\/{rel}","templated":true}]}}