{"id":2340,"date":"2024-09-23T11:26:12","date_gmt":"2024-09-23T14:26:12","guid":{"rendered":"https:\/\/saude.ufpr.br\/nutricao\/?p=2340"},"modified":"2024-09-23T11:26:12","modified_gmt":"2024-09-23T14:26:12","slug":"edital-02-2024-cnut-concurso-logotipo-comemorativo-dos-45-anos-do-curso-de-nutricao-da-ufpr","status":"publish","type":"post","link":"https:\/\/saude.ufpr.br\/nutricao\/edital-02-2024-cnut-concurso-logotipo-comemorativo-dos-45-anos-do-curso-de-nutricao-da-ufpr\/","title":{"rendered":"EDITAL 02\/2024 \u2013 CNUT CONCURSO \u201cLOGOTIPO COMEMORATIVO DOS 45 ANOS DO CURSO DE NUTRI\u00c7\u00c3O DA UFPR\u201d"},"content":{"rendered":"<p>Edital que estabelece normas relativas ao concurso \u201cLogotipo Comemorativo dos 45 anos do Curso de Nutri\u00e7\u00e3o da UFPR\u201d, destinado a selecionar o logotipo oficial dos eventos de comemora\u00e7\u00e3o dos 45 anos do curso de Nutri\u00e7\u00e3o da UFPR.<\/p>\n<p><a href=\"https:\/\/saude.ufpr.br\/nutricao\/wp-content\/uploads\/sites\/15\/2024\/09\/SEI_7076529_Edital_02.pdf\">SEI_7076529_Edital_02<\/a><\/p>\n","protected":false},"excerpt":{"rendered":"<p>Edital que estabelece normas relativas ao concurso \u201cLogotipo Comemorativo dos 45 anos do Curso de Nutri\u00e7\u00e3o da UFPR\u201d, destinado a selecionar o logotipo oficial dos eventos de comemora\u00e7\u00e3o dos 45 anos do curso de Nutri\u00e7\u00e3o da UFPR. SEI_7076529_Edital_02<\/p>\n","protected":false},"author":1720,"featured_media":0,"comment_status":"open","ping_status":"open","sticky":false,"template":"","format":"standard","meta":{"_acf_changed":false,"_uag_custom_page_level_css":"","footnotes":""},"categories":[1],"tags":[],"class_list":["post-2340","post","type-post","status-publish","format-standard","hentry","category-sem-categoria"],"acf":[],"featured_image_src":null,"author_info":{"display_name":"josejunior","author_link":"https:\/\/saude.ufpr.br\/nutricao\/author\/josejunior\/"},"uagb_featured_image_src":{"full":false,"thumbnail":false,"medium":false,"medium_large":false,"large":false,"1536x1536":false,"2048x2048":false,"noticias-thumb":false,"banners-thumb":false,"maisnoticias-thumb":false,"post-thumbnail":false},"uagb_author_info":{"display_name":"josejunior","author_link":"https:\/\/saude.ufpr.br\/nutricao\/author\/josejunior\/"},"uagb_comment_info":0,"uagb_excerpt":"Edital que estabelece normas relativas ao concurso \u201cLogotipo Comemorativo dos 45 anos do Curso de Nutri\u00e7\u00e3o da UFPR\u201d, destinado a selecionar o logotipo oficial dos eventos de comemora\u00e7\u00e3o dos 45 anos do curso de Nutri\u00e7\u00e3o da UFPR. SEI_7076529_Edital_02","publishpress_future_action":{"enabled":false,"date":"2026-05-07 09:12:16","action":"change-status","newStatus":"draft","terms":[],"taxonomy":"category","extraData":[]},"publishpress_future_workflow_manual_trigger":{"enabledWorkflows":[]},"_links":{"self":[{"href":"https:\/\/saude.ufpr.br\/nutricao\/wp-json\/wp\/v2\/posts\/2340","targetHints":{"allow":["GET"]}}],"collection":[{"href":"https:\/\/saude.ufpr.br\/nutricao\/wp-json\/wp\/v2\/posts"}],"about":[{"href":"https:\/\/saude.ufpr.br\/nutricao\/wp-json\/wp\/v2\/types\/post"}],"author":[{"embeddable":true,"href":"https:\/\/saude.ufpr.br\/nutricao\/wp-json\/wp\/v2\/users\/1720"}],"replies":[{"embeddable":true,"href":"https:\/\/saude.ufpr.br\/nutricao\/wp-json\/wp\/v2\/comments?post=2340"}],"version-history":[{"count":1,"href":"https:\/\/saude.ufpr.br\/nutricao\/wp-json\/wp\/v2\/posts\/2340\/revisions"}],"predecessor-version":[{"id":2342,"href":"https:\/\/saude.ufpr.br\/nutricao\/wp-json\/wp\/v2\/posts\/2340\/revisions\/2342"}],"wp:attachment":[{"href":"https:\/\/saude.ufpr.br\/nutricao\/wp-json\/wp\/v2\/media?parent=2340"}],"wp:term":[{"taxonomy":"category","embeddable":true,"href":"https:\/\/saude.ufpr.br\/nutricao\/wp-json\/wp\/v2\/categories?post=2340"},{"taxonomy":"post_tag","embeddable":true,"href":"https:\/\/saude.ufpr.br\/nutricao\/wp-json\/wp\/v2\/tags?post=2340"}],"curies":[{"name":"wp","href":"https:\/\/api.w.org\/{rel}","templated":true}]}}