{"id":2393,"date":"2024-12-11T07:55:58","date_gmt":"2024-12-11T10:55:58","guid":{"rendered":"https:\/\/saude.ufpr.br\/nutricao\/?p=2393"},"modified":"2025-03-06T10:45:33","modified_gmt":"2025-03-06T13:45:33","slug":"edital-no-15-2024-eleicoes-para-coordenadora-e-vice-coordenadora-do-curso-de-nutricao","status":"publish","type":"post","link":"https:\/\/saude.ufpr.br\/nutricao\/edital-no-15-2024-eleicoes-para-coordenadora-e-vice-coordenadora-do-curso-de-nutricao\/","title":{"rendered":"Edital n\u00ba 15\/2024 &#8211; Elei\u00e7\u00f5es para Coordenador(a) e Vice Coordenador(a) do curso de Nutri\u00e7\u00e3o"},"content":{"rendered":"<p>A Comiss\u00e3o Eleitoral, aprovada pelo Colegiado do curso de Nutri\u00e7\u00e3o em 04 de novembro de 2024, em observ\u00e2ncia ao<br \/>\nestabelecido pela Portaria n\u00b0157 (5090007), emitida pelo Setor de Ci\u00eancias da Sa\u00fade da Universidade Federal do Paran\u00e1 em<br \/>\n17 de novembro de 2022, e o que consta no processo 23075.066111\/2024-96, torna p\u00fablico que est\u00e3o abertas, de 13 de<br \/>\njaneiro \u00e0 14 de fevereiro de 2025, as inscri\u00e7\u00f5es para as chapas que concorrer\u00e3o \u00e0s elei\u00e7\u00f5es para Coordenador(a) e Vice Coordenador(a) do curso de Nutri\u00e7\u00e3o, a serem realizadas conforme o cronograma abaixo:<br \/>\n<strong>13\/12\/2024 \u2013 Divulga\u00e7\u00e3o do edital;<\/strong><br \/>\n<strong>13\/01\/2025 \u00e0 14\/02\/2025 \u2013 Inscri\u00e7\u00f5es das chapas, at\u00e9 \u00e0s 17:00h do dia 14\/02\/2025 ;<\/strong><br \/>\n<strong>15\/02\/2025- AGTIC: Solicita\u00e7\u00e3o de Servi\u00e7o de Elei\u00e7\u00e3o<\/strong><br \/>\n<strong>17\/02\/2025 \u2013 Divulga\u00e7\u00e3o da homologa\u00e7\u00e3o pr\u00e9via das inscri\u00e7\u00f5es;<\/strong><br \/>\n<strong>19\/02\/2025 \u2013 Prazo final para recursos quanto \u00e0 homologa\u00e7\u00e3o pr\u00e9via das inscri\u00e7\u00f5es;<\/strong><br \/>\n<strong>21\/02\/2025 \u2013 Indica\u00e7\u00e3o de fiscal pelos candidatos;<\/strong><br \/>\n<strong>21\/02\/2025 \u2013 Divulga\u00e7\u00e3o da homologa\u00e7\u00e3o definitiva das inscri\u00e7\u00f5es<\/strong>;<br \/>\n<strong>At\u00e9 24\/02\/2025 \u2013 Apresenta\u00e7\u00e3o aos candidatos inscritos a lista de votantes;<\/strong><br \/>\n<strong>12\/03\/2025 (elei\u00e7\u00e3o) \u2013 Elei\u00e7\u00f5es em plataforma online Helios e-voting, das 8:00h \u00e0s 17:00h ; (quarta-feira )<\/strong>;<br \/>\n<strong>At\u00e9 13\/03\/2025 \u2013 Divulga\u00e7\u00e3o do resultado das elei\u00e7\u00f5es;<\/strong><br \/>\n<strong>14\/03\/2025 \u2013 Homologa\u00e7\u00e3o do resultado das elei\u00e7\u00f5es em reuni\u00e3o do Colegiado de curso de Nutri\u00e7\u00e3o;<\/strong><br \/>\nA definir \u2013 Apresenta\u00e7\u00e3o do resultado da elei\u00e7\u00e3o para aprova\u00e7\u00e3o no Conselho Setorial de Ci\u00eancias da Sa\u00fade.<br \/>\nAs elei\u00e7\u00f5es ocorrer\u00e3o nos termos regimentais estabelecidos na Resolu\u00e7\u00e3o 01\/95 do Conselho Setorial do Setor de<br \/>\nCi\u00eancias da Sa\u00fade desta universidade.<\/p>\n<p><a href=\"https:\/\/saude.ufpr.br\/nutricao\/wp-content\/uploads\/sites\/15\/2024\/12\/SEI_7353930_Edital_15_2024-1.pdf\" target=\"_blank\" rel=\"noopener\">SEI_7353930_Edital_15_2024<\/a><\/p>\n","protected":false},"excerpt":{"rendered":"<p>A Comiss\u00e3o Eleitoral, aprovada pelo Colegiado do curso de Nutri\u00e7\u00e3o em 04 de novembro de 2024, em observ\u00e2ncia ao estabelecido pela Portaria n\u00b0157 (5090007), emitida pelo Setor de Ci\u00eancias da Sa\u00fade da Universidade Federal do Paran\u00e1 em 17 de novembro de 2022, e o que consta no processo 23075.066111\/2024-96, torna p\u00fablico que est\u00e3o abertas, de<br \/> <a href=\"https:\/\/saude.ufpr.br\/nutricao\/edital-no-15-2024-eleicoes-para-coordenadora-e-vice-coordenadora-do-curso-de-nutricao\/\" class=\"button success small readmore\">Leia mais<\/a><\/p>\n","protected":false},"author":1720,"featured_media":0,"comment_status":"open","ping_status":"open","sticky":false,"template":"","format":"standard","meta":{"_acf_changed":false,"_uag_custom_page_level_css":"","footnotes":""},"categories":[1],"tags":[],"class_list":["post-2393","post","type-post","status-publish","format-standard","hentry","category-sem-categoria"],"acf":[],"featured_image_src":null,"author_info":{"display_name":"josejunior","author_link":"https:\/\/saude.ufpr.br\/nutricao\/author\/josejunior\/"},"uagb_featured_image_src":{"full":false,"thumbnail":false,"medium":false,"medium_large":false,"large":false,"1536x1536":false,"2048x2048":false,"noticias-thumb":false,"banners-thumb":false,"maisnoticias-thumb":false,"post-thumbnail":false},"uagb_author_info":{"display_name":"josejunior","author_link":"https:\/\/saude.ufpr.br\/nutricao\/author\/josejunior\/"},"uagb_comment_info":0,"uagb_excerpt":"A Comiss\u00e3o Eleitoral, aprovada pelo Colegiado do curso de Nutri\u00e7\u00e3o em 04 de novembro de 2024, em observ\u00e2ncia ao estabelecido pela Portaria n\u00b0157 (5090007), emitida pelo Setor de Ci\u00eancias da Sa\u00fade da Universidade Federal do Paran\u00e1 em 17 de novembro de 2022, e o que consta no processo 23075.066111\/2024-96, torna p\u00fablico que est\u00e3o abertas, de&hellip;","publishpress_future_action":{"enabled":false,"date":"2026-05-02 06:54:08","action":"change-status","newStatus":"draft","terms":[],"taxonomy":"category","extraData":[]},"publishpress_future_workflow_manual_trigger":{"enabledWorkflows":[]},"_links":{"self":[{"href":"https:\/\/saude.ufpr.br\/nutricao\/wp-json\/wp\/v2\/posts\/2393","targetHints":{"allow":["GET"]}}],"collection":[{"href":"https:\/\/saude.ufpr.br\/nutricao\/wp-json\/wp\/v2\/posts"}],"about":[{"href":"https:\/\/saude.ufpr.br\/nutricao\/wp-json\/wp\/v2\/types\/post"}],"author":[{"embeddable":true,"href":"https:\/\/saude.ufpr.br\/nutricao\/wp-json\/wp\/v2\/users\/1720"}],"replies":[{"embeddable":true,"href":"https:\/\/saude.ufpr.br\/nutricao\/wp-json\/wp\/v2\/comments?post=2393"}],"version-history":[{"count":2,"href":"https:\/\/saude.ufpr.br\/nutricao\/wp-json\/wp\/v2\/posts\/2393\/revisions"}],"predecessor-version":[{"id":2534,"href":"https:\/\/saude.ufpr.br\/nutricao\/wp-json\/wp\/v2\/posts\/2393\/revisions\/2534"}],"wp:attachment":[{"href":"https:\/\/saude.ufpr.br\/nutricao\/wp-json\/wp\/v2\/media?parent=2393"}],"wp:term":[{"taxonomy":"category","embeddable":true,"href":"https:\/\/saude.ufpr.br\/nutricao\/wp-json\/wp\/v2\/categories?post=2393"},{"taxonomy":"post_tag","embeddable":true,"href":"https:\/\/saude.ufpr.br\/nutricao\/wp-json\/wp\/v2\/tags?post=2393"}],"curies":[{"name":"wp","href":"https:\/\/api.w.org\/{rel}","templated":true}]}}