{"id":585,"date":"2023-06-20T11:28:49","date_gmt":"2023-06-20T14:28:49","guid":{"rendered":"https:\/\/saude.ufpr.br\/pediatria\/?p=585"},"modified":"2023-06-20T11:28:51","modified_gmt":"2023-06-20T14:28:51","slug":"formularios","status":"publish","type":"post","link":"https:\/\/saude.ufpr.br\/pediatria\/2023\/06\/20\/formularios\/","title":{"rendered":"FORMUL\u00c1RIOS"},"content":{"rendered":"<p>As solicita\u00e7\u00f5es de Segunda Chamada, Vista de Prova, Revis\u00e3o de Nota e Formul\u00e1rio de Valida\u00e7\u00e3o de reposi\u00e7\u00e3o de atividade de Est\u00e1gio Curricular Obrigat\u00f3rio em Pediatria dever\u00e3o ser feitas somente por meio dos formul\u00e1rios online dispon\u00edveis em GRADUA\u00c7\u00c3O &#8211; aba &#8211; FORMUL\u00c1RIOS.<\/p>\n<p align=\"center\">\n","protected":false},"excerpt":{"rendered":"<p>As solicita\u00e7\u00f5es de Segunda Chamada, Vista de Prova, Revis\u00e3o de Nota e Formul\u00e1rio de Valida\u00e7\u00e3o de reposi\u00e7\u00e3o de atividade de Est\u00e1gio Curricular Obrigat\u00f3rio em Pediatria dever\u00e3o ser feitas somente por meio dos formul\u00e1rios online dispon\u00edveis em GRADUA\u00c7\u00c3O &#8211; aba &#8211; FORMUL\u00c1RIOS.<\/p>\n","protected":false},"author":1679,"featured_media":0,"comment_status":"open","ping_status":"open","sticky":false,"template":"","format":"standard","meta":{"footnotes":""},"categories":[1],"tags":[],"class_list":["post-585","post","type-post","status-publish","format-standard","hentry","category-sem-categoria"],"_links":{"self":[{"href":"https:\/\/saude.ufpr.br\/pediatria\/wp-json\/wp\/v2\/posts\/585","targetHints":{"allow":["GET"]}}],"collection":[{"href":"https:\/\/saude.ufpr.br\/pediatria\/wp-json\/wp\/v2\/posts"}],"about":[{"href":"https:\/\/saude.ufpr.br\/pediatria\/wp-json\/wp\/v2\/types\/post"}],"author":[{"embeddable":true,"href":"https:\/\/saude.ufpr.br\/pediatria\/wp-json\/wp\/v2\/users\/1679"}],"replies":[{"embeddable":true,"href":"https:\/\/saude.ufpr.br\/pediatria\/wp-json\/wp\/v2\/comments?post=585"}],"version-history":[{"count":1,"href":"https:\/\/saude.ufpr.br\/pediatria\/wp-json\/wp\/v2\/posts\/585\/revisions"}],"predecessor-version":[{"id":586,"href":"https:\/\/saude.ufpr.br\/pediatria\/wp-json\/wp\/v2\/posts\/585\/revisions\/586"}],"wp:attachment":[{"href":"https:\/\/saude.ufpr.br\/pediatria\/wp-json\/wp\/v2\/media?parent=585"}],"wp:term":[{"taxonomy":"category","embeddable":true,"href":"https:\/\/saude.ufpr.br\/pediatria\/wp-json\/wp\/v2\/categories?post=585"},{"taxonomy":"post_tag","embeddable":true,"href":"https:\/\/saude.ufpr.br\/pediatria\/wp-json\/wp\/v2\/tags?post=585"}],"curies":[{"name":"wp","href":"https:\/\/api.w.org\/{rel}","templated":true}]}}