{"id":1468,"date":"2021-08-28T16:27:08","date_gmt":"2021-08-28T19:27:08","guid":{"rendered":"https:\/\/saude.ufpr.br\/saudecoletiva\/?p=1468"},"modified":"2021-08-28T16:27:08","modified_gmt":"2021-08-28T19:27:08","slug":"edital-de-selecao-de-bolsista-extensao","status":"publish","type":"post","link":"https:\/\/saude.ufpr.br\/saudecoletiva\/2021\/08\/28\/edital-de-selecao-de-bolsista-extensao\/","title":{"rendered":"Edital de sele\u00e7\u00e3o de bolsista extens\u00e3o"},"content":{"rendered":"<p>28\/08\/2021<\/p>\n<p>&nbsp;<\/p>\n<p>EDITAL DE SELE\u00c7\u00c3O DE BOLSISTA DO PROJETO DE EXTENS\u00c3O \u201cEDUCA\u00c7\u00c3O EM SA\u00daDE AMBIENTAL\u201d &#8211; 02\/2021<br \/>\nPROJETO: EDUCA\u00c7\u00c3O EM SA\u00daDE AMBIENTAL<br \/>\nMODALIDADE DE BOLSA: Bolsa extens\u00e3o<br \/>\nDEPARTAMENTO\/CURSO DE ORIGEM: DEPARTAMENTO DE SA\u00daDE COLETIVA \/ CURSO DE FARM\u00c1CIA<br \/>\nCOORDENADORA: CRISTIANE DA SILVA PAULA DE OLIVEIRA<\/p>\n<p><a href=\"https:\/\/saude.ufpr.br\/saudecoletiva\/wp-content\/uploads\/sites\/30\/2021\/08\/edital_selecao_extensao.pdf\">Edital<\/a><\/p>\n","protected":false},"excerpt":{"rendered":"<p>28\/08\/2021 &nbsp; EDITAL DE SELE\u00c7\u00c3O DE BOLSISTA DO PROJETO DE EXTENS\u00c3O \u201cEDUCA\u00c7\u00c3O EM SA\u00daDE AMBIENTAL\u201d &#8211; 02\/2021 PROJETO: EDUCA\u00c7\u00c3O EM SA\u00daDE AMBIENTAL MODALIDADE DE BOLSA: Bolsa extens\u00e3o DEPARTAMENTO\/CURSO DE ORIGEM: DEPARTAMENTO DE SA\u00daDE COLETIVA \/ CURSO DE FARM\u00c1CIA COORDENADORA: CRISTIANE DA SILVA PAULA DE OLIVEIRA Edital<\/p>\n","protected":false},"author":1690,"featured_media":0,"comment_status":"open","ping_status":"open","sticky":false,"template":"","format":"standard","meta":{"_acf_changed":false,"_uag_custom_page_level_css":"","footnotes":""},"categories":[1],"tags":[],"class_list":["post-1468","post","type-post","status-publish","format-standard","hentry","category-sem-categoria"],"acf":[],"featured_image_src":null,"author_info":{"display_name":"saudecoletiva","author_link":"https:\/\/saude.ufpr.br\/saudecoletiva\/author\/saudecoletiva\/"},"uagb_featured_image_src":{"full":false,"thumbnail":false,"medium":false,"medium_large":false,"large":false,"1536x1536":false,"2048x2048":false,"noticias-thumb":false,"banners-thumb":false,"maisnoticias-thumb":false,"post-thumbnail":false},"uagb_author_info":{"display_name":"saudecoletiva","author_link":"https:\/\/saude.ufpr.br\/saudecoletiva\/author\/saudecoletiva\/"},"uagb_comment_info":0,"uagb_excerpt":"28\/08\/2021 &nbsp; EDITAL DE SELE\u00c7\u00c3O DE BOLSISTA DO PROJETO DE EXTENS\u00c3O \u201cEDUCA\u00c7\u00c3O EM SA\u00daDE AMBIENTAL\u201d &#8211; 02\/2021 PROJETO: EDUCA\u00c7\u00c3O EM SA\u00daDE AMBIENTAL MODALIDADE DE BOLSA: Bolsa extens\u00e3o DEPARTAMENTO\/CURSO DE ORIGEM: DEPARTAMENTO DE SA\u00daDE COLETIVA \/ CURSO DE FARM\u00c1CIA COORDENADORA: CRISTIANE DA SILVA PAULA DE OLIVEIRA Edital","publishpress_future_action":{"enabled":false,"date":"2026-05-03 13:40:18","action":"change-status","newStatus":"draft","terms":[],"taxonomy":"category","extraData":[]},"publishpress_future_workflow_manual_trigger":{"enabledWorkflows":[]},"_links":{"self":[{"href":"https:\/\/saude.ufpr.br\/saudecoletiva\/wp-json\/wp\/v2\/posts\/1468","targetHints":{"allow":["GET"]}}],"collection":[{"href":"https:\/\/saude.ufpr.br\/saudecoletiva\/wp-json\/wp\/v2\/posts"}],"about":[{"href":"https:\/\/saude.ufpr.br\/saudecoletiva\/wp-json\/wp\/v2\/types\/post"}],"author":[{"embeddable":true,"href":"https:\/\/saude.ufpr.br\/saudecoletiva\/wp-json\/wp\/v2\/users\/1690"}],"replies":[{"embeddable":true,"href":"https:\/\/saude.ufpr.br\/saudecoletiva\/wp-json\/wp\/v2\/comments?post=1468"}],"version-history":[{"count":1,"href":"https:\/\/saude.ufpr.br\/saudecoletiva\/wp-json\/wp\/v2\/posts\/1468\/revisions"}],"predecessor-version":[{"id":1470,"href":"https:\/\/saude.ufpr.br\/saudecoletiva\/wp-json\/wp\/v2\/posts\/1468\/revisions\/1470"}],"wp:attachment":[{"href":"https:\/\/saude.ufpr.br\/saudecoletiva\/wp-json\/wp\/v2\/media?parent=1468"}],"wp:term":[{"taxonomy":"category","embeddable":true,"href":"https:\/\/saude.ufpr.br\/saudecoletiva\/wp-json\/wp\/v2\/categories?post=1468"},{"taxonomy":"post_tag","embeddable":true,"href":"https:\/\/saude.ufpr.br\/saudecoletiva\/wp-json\/wp\/v2\/tags?post=1468"}],"curies":[{"name":"wp","href":"https:\/\/api.w.org\/{rel}","templated":true}]}}