{"id":2160,"date":"2024-02-23T17:04:42","date_gmt":"2024-02-23T20:04:42","guid":{"rendered":"https:\/\/saude.ufpr.br\/saudecoletiva\/?p=2160"},"modified":"2024-02-23T17:04:42","modified_gmt":"2024-02-23T20:04:42","slug":"ms132-epidemiologia-edital-de-selecao-de-monitores","status":"publish","type":"post","link":"https:\/\/saude.ufpr.br\/saudecoletiva\/2024\/02\/23\/ms132-epidemiologia-edital-de-selecao-de-monitores\/","title":{"rendered":"MS132 \u2013 Epidemiologia \u2013 Edital de sele\u00e7\u00e3o de monitores"},"content":{"rendered":"<p>Foi divulgado o Edital de sele\u00e7\u00e3o de monitor(a) da disciplina MS132 \u2013 Epidemiologia (curso de Farm\u00e1cia) sob orienta\u00e7\u00e3o da Professora Bianca de Oliveira Cata Preta.<\/p>\n<p>H\u00e1 uma vaga (com bolsa) e o per\u00edodo de inscri\u00e7\u00e3o \u00e9 de 27\/02 at\u00e9 as 15h00 do dia 03\/03\/2024.<\/p>\n<p>As informa\u00e7\u00f5es detalhadas podem ser consultadas no <a href=\"https:\/\/saude.ufpr.br\/saudecoletiva\/wp-content\/uploads\/sites\/30\/2024\/02\/Edital_selecao_monitoria_MS132_2024.1.pdf\" target=\"_blank\" rel=\"noopener\">Edital<\/a>.<\/p>\n","protected":false},"excerpt":{"rendered":"<p>Foi divulgado o Edital de sele\u00e7\u00e3o de monitor(a) da disciplina MS132 \u2013 Epidemiologia (curso de Farm\u00e1cia) sob orienta\u00e7\u00e3o da Professora Bianca de Oliveira Cata Preta. H\u00e1 uma vaga (com bolsa) e o per\u00edodo de inscri\u00e7\u00e3o \u00e9 de 27\/02 at\u00e9 as 15h00 do dia 03\/03\/2024. As informa\u00e7\u00f5es detalhadas podem ser consultadas no Edital.<\/p>\n","protected":false},"author":1725,"featured_media":0,"comment_status":"open","ping_status":"open","sticky":false,"template":"","format":"standard","meta":{"_acf_changed":false,"_uag_custom_page_level_css":"","footnotes":""},"categories":[1],"tags":[],"class_list":["post-2160","post","type-post","status-publish","format-standard","hentry","category-sem-categoria"],"acf":[],"featured_image_src":null,"author_info":{"display_name":"vagner","author_link":"https:\/\/saude.ufpr.br\/saudecoletiva\/author\/vagner\/"},"uagb_featured_image_src":{"full":false,"thumbnail":false,"medium":false,"medium_large":false,"large":false,"1536x1536":false,"2048x2048":false,"noticias-thumb":false,"banners-thumb":false,"maisnoticias-thumb":false,"post-thumbnail":false},"uagb_author_info":{"display_name":"vagner","author_link":"https:\/\/saude.ufpr.br\/saudecoletiva\/author\/vagner\/"},"uagb_comment_info":0,"uagb_excerpt":"Foi divulgado o Edital de sele\u00e7\u00e3o de monitor(a) da disciplina MS132 \u2013 Epidemiologia (curso de Farm\u00e1cia) sob orienta\u00e7\u00e3o da Professora Bianca de Oliveira Cata Preta. H\u00e1 uma vaga (com bolsa) e o per\u00edodo de inscri\u00e7\u00e3o \u00e9 de 27\/02 at\u00e9 as 15h00 do dia 03\/03\/2024. As informa\u00e7\u00f5es detalhadas podem ser consultadas no Edital.","publishpress_future_action":{"enabled":false,"date":"2026-05-10 13:34:43","action":"change-status","newStatus":"draft","terms":[],"taxonomy":"category","extraData":[]},"publishpress_future_workflow_manual_trigger":{"enabledWorkflows":[]},"_links":{"self":[{"href":"https:\/\/saude.ufpr.br\/saudecoletiva\/wp-json\/wp\/v2\/posts\/2160","targetHints":{"allow":["GET"]}}],"collection":[{"href":"https:\/\/saude.ufpr.br\/saudecoletiva\/wp-json\/wp\/v2\/posts"}],"about":[{"href":"https:\/\/saude.ufpr.br\/saudecoletiva\/wp-json\/wp\/v2\/types\/post"}],"author":[{"embeddable":true,"href":"https:\/\/saude.ufpr.br\/saudecoletiva\/wp-json\/wp\/v2\/users\/1725"}],"replies":[{"embeddable":true,"href":"https:\/\/saude.ufpr.br\/saudecoletiva\/wp-json\/wp\/v2\/comments?post=2160"}],"version-history":[{"count":1,"href":"https:\/\/saude.ufpr.br\/saudecoletiva\/wp-json\/wp\/v2\/posts\/2160\/revisions"}],"predecessor-version":[{"id":2162,"href":"https:\/\/saude.ufpr.br\/saudecoletiva\/wp-json\/wp\/v2\/posts\/2160\/revisions\/2162"}],"wp:attachment":[{"href":"https:\/\/saude.ufpr.br\/saudecoletiva\/wp-json\/wp\/v2\/media?parent=2160"}],"wp:term":[{"taxonomy":"category","embeddable":true,"href":"https:\/\/saude.ufpr.br\/saudecoletiva\/wp-json\/wp\/v2\/categories?post=2160"},{"taxonomy":"post_tag","embeddable":true,"href":"https:\/\/saude.ufpr.br\/saudecoletiva\/wp-json\/wp\/v2\/tags?post=2160"}],"curies":[{"name":"wp","href":"https:\/\/api.w.org\/{rel}","templated":true}]}}