{"id":2280,"date":"2025-02-20T16:46:48","date_gmt":"2025-02-20T19:46:48","guid":{"rendered":"https:\/\/saude.ufpr.br\/saudecoletiva\/?p=2280"},"modified":"2025-02-26T18:12:10","modified_gmt":"2025-02-26T21:12:10","slug":"selecao-de-bolsistas-projeto-eu-decido","status":"publish","type":"post","link":"https:\/\/saude.ufpr.br\/saudecoletiva\/2025\/02\/20\/selecao-de-bolsistas-projeto-eu-decido\/","title":{"rendered":"SELE\u00c7\u00c3O DE BOLSISTAS &#8211; PROJETO &#8220;EU DECIDO&#8221;"},"content":{"rendered":"<p>O Departamento de Sa\u00fade Coletiva da Universidade Federal do Paran\u00e1 &#8211; DSC\/UFPR est\u00e1 liderando o Projeto &#8220;Eu Decido: Desenvolvimento de uma plataforma online de apoio a tomada de decis\u00e3o e planejamento de seguran\u00e7a para mulheres em situa\u00e7\u00e3o de viol\u00eancia por parceiro \u00edntimo&#8221; nos munic\u00edpios de Curitiba\/PR, Paranagu\u00e1\/PR, Campo Grande\/MS e Boa Vista\/RR. Este projeto tem como objetivo avaliar refinar, adaptar e testar a plataforma Eu Decido (app e website) com brasileiras em situa\u00e7\u00e3o de viol\u00eancia por parceiro \u00edntimo, para disponibilizar gratuitamente uma tecnologia inovadora de apoio \u00e0 tomada de decis\u00e3o e planejamento de seguran\u00e7a. Visando apoiar essa pesquisa, estamos recrutando pesquisador (a) bolsista com qualifica\u00e7\u00e3o na \u00e1rea de sa\u00fade.<\/p>\n<p>A presente chamada conta com dois editais:<\/p>\n<p>1 vaga (bolsista) para <strong>Apoio \u00e0 execu\u00e7\u00e3o do projeto no eixo tradu\u00e7\u00e3o e dissemina\u00e7\u00e3o do conhecimento cient\u00edfico &#8211; <a href=\"https:\/\/saude.ufpr.br\/saudecoletiva\/wp-content\/uploads\/sites\/30\/2025\/02\/Edital-Vaga-Comunicacao_Eu-Decido-CNPQ-1.pdf\" target=\"_blank\" rel=\"noopener\">Edital Comunica\u00e7\u00e3o<\/a>; <\/strong>e<\/p>\n<p>2 vagas (bolsistas) para\u00a0<strong>Inicia\u00e7\u00e3o ao Extensionismo &#8211; <a href=\"https:\/\/saude.ufpr.br\/saudecoletiva\/wp-content\/uploads\/sites\/30\/2025\/02\/Edital-Vagas-Extensao_Eu-Decido-CNPQ-1.pdf\" target=\"_blank\" rel=\"noopener\">Edital Inicia\u00e7\u00e3o ao Extensionismo<\/a>.<\/strong><\/p>\n<p>As inscri\u00e7\u00f5es v\u00e3o de <strong>19 a 23\/02\/2025<\/strong>, e as informa\u00e7\u00f5es completas encontram-se nos links de cada edital.<\/p>\n<p>&nbsp;<\/p>\n<p>Resultados:<\/p>\n<p><a href=\"https:\/\/saude.ufpr.br\/saudecoletiva\/wp-content\/uploads\/sites\/30\/2025\/02\/RESULTADO-Edital-Vaga-Disseminacao_Eu-Decido-CNPQ.pdf\" target=\"_blank\" rel=\"noopener\">Edital de resultado Difus\u00e3o do Conhecimento<\/a><\/p>\n<p><a href=\"https:\/\/saude.ufpr.br\/saudecoletiva\/wp-content\/uploads\/sites\/30\/2025\/02\/RESULTADO-SELECAO-DE-BOLSISTA-EXTENSAO.pdf\" target=\"_blank\" rel=\"noopener\">Edital de resultado Inicia\u00e7\u00e3o ao Extensionismo<\/a><\/p>\n<p><a href=\"https:\/\/saude.ufpr.br\/saudecoletiva\/wp-content\/uploads\/sites\/30\/2025\/02\/resultado-Vaga-gerente_Eu-Decido-CNPQ.pdf\" target=\"_blank\" rel=\"noopener\">Edital de resultado Gerente de Projeto<\/a><\/p>\n","protected":false},"excerpt":{"rendered":"<p>O Departamento de Sa\u00fade Coletiva da Universidade Federal do Paran\u00e1 &#8211; DSC\/UFPR est\u00e1 liderando o Projeto &#8220;Eu Decido: Desenvolvimento de uma plataforma online de apoio a tomada de decis\u00e3o e planejamento de seguran\u00e7a para mulheres em situa\u00e7\u00e3o de viol\u00eancia por parceiro \u00edntimo&#8221; nos munic\u00edpios de Curitiba\/PR, Paranagu\u00e1\/PR, Campo Grande\/MS e Boa Vista\/RR. Este projeto tem<br \/> <a href=\"https:\/\/saude.ufpr.br\/saudecoletiva\/2025\/02\/20\/selecao-de-bolsistas-projeto-eu-decido\/\" class=\"button success small readmore\">Leia mais<\/a><\/p>\n","protected":false},"author":1725,"featured_media":0,"comment_status":"open","ping_status":"open","sticky":false,"template":"","format":"standard","meta":{"_acf_changed":false,"_uag_custom_page_level_css":"","footnotes":""},"categories":[1],"tags":[],"class_list":["post-2280","post","type-post","status-publish","format-standard","hentry","category-sem-categoria"],"acf":[],"featured_image_src":null,"author_info":{"display_name":"vagner","author_link":"https:\/\/saude.ufpr.br\/saudecoletiva\/author\/vagner\/"},"uagb_featured_image_src":{"full":false,"thumbnail":false,"medium":false,"medium_large":false,"large":false,"1536x1536":false,"2048x2048":false,"noticias-thumb":false,"banners-thumb":false,"maisnoticias-thumb":false,"post-thumbnail":false},"uagb_author_info":{"display_name":"vagner","author_link":"https:\/\/saude.ufpr.br\/saudecoletiva\/author\/vagner\/"},"uagb_comment_info":0,"uagb_excerpt":"O Departamento de Sa\u00fade Coletiva da Universidade Federal do Paran\u00e1 &#8211; DSC\/UFPR est\u00e1 liderando o Projeto &#8220;Eu Decido: Desenvolvimento de uma plataforma online de apoio a tomada de decis\u00e3o e planejamento de seguran\u00e7a para mulheres em situa\u00e7\u00e3o de viol\u00eancia por parceiro \u00edntimo&#8221; nos munic\u00edpios de Curitiba\/PR, Paranagu\u00e1\/PR, Campo Grande\/MS e Boa Vista\/RR. Este projeto tem&hellip;","publishpress_future_action":{"enabled":false,"date":"2026-05-03 22:59:34","action":"change-status","newStatus":"draft","terms":[],"taxonomy":"category","extraData":[]},"publishpress_future_workflow_manual_trigger":{"enabledWorkflows":[]},"_links":{"self":[{"href":"https:\/\/saude.ufpr.br\/saudecoletiva\/wp-json\/wp\/v2\/posts\/2280","targetHints":{"allow":["GET"]}}],"collection":[{"href":"https:\/\/saude.ufpr.br\/saudecoletiva\/wp-json\/wp\/v2\/posts"}],"about":[{"href":"https:\/\/saude.ufpr.br\/saudecoletiva\/wp-json\/wp\/v2\/types\/post"}],"author":[{"embeddable":true,"href":"https:\/\/saude.ufpr.br\/saudecoletiva\/wp-json\/wp\/v2\/users\/1725"}],"replies":[{"embeddable":true,"href":"https:\/\/saude.ufpr.br\/saudecoletiva\/wp-json\/wp\/v2\/comments?post=2280"}],"version-history":[{"count":3,"href":"https:\/\/saude.ufpr.br\/saudecoletiva\/wp-json\/wp\/v2\/posts\/2280\/revisions"}],"predecessor-version":[{"id":2296,"href":"https:\/\/saude.ufpr.br\/saudecoletiva\/wp-json\/wp\/v2\/posts\/2280\/revisions\/2296"}],"wp:attachment":[{"href":"https:\/\/saude.ufpr.br\/saudecoletiva\/wp-json\/wp\/v2\/media?parent=2280"}],"wp:term":[{"taxonomy":"category","embeddable":true,"href":"https:\/\/saude.ufpr.br\/saudecoletiva\/wp-json\/wp\/v2\/categories?post=2280"},{"taxonomy":"post_tag","embeddable":true,"href":"https:\/\/saude.ufpr.br\/saudecoletiva\/wp-json\/wp\/v2\/tags?post=2280"}],"curies":[{"name":"wp","href":"https:\/\/api.w.org\/{rel}","templated":true}]}}