{"id":2323,"date":"2025-04-17T16:51:49","date_gmt":"2025-04-17T19:51:49","guid":{"rendered":"https:\/\/saude.ufpr.br\/saudecoletiva\/?p=2323"},"modified":"2025-04-17T16:51:49","modified_gmt":"2025-04-17T19:51:49","slug":"selecao-de-bolsista-para-projeto-de-extensao-2","status":"publish","type":"post","link":"https:\/\/saude.ufpr.br\/saudecoletiva\/2025\/04\/17\/selecao-de-bolsista-para-projeto-de-extensao-2\/","title":{"rendered":"SELE\u00c7\u00c3O DE BOLSISTA PARA PROJETO DE EXTENS\u00c3O"},"content":{"rendered":"<p>Est\u00e1 aberto o per\u00edodo de inscri\u00e7\u00f5es para candidatos(as) a bolsistas para o Projeto de Extens\u00e3o: \u201cCentro de Estudos, Pesquisa e Extens\u00e3o em Sa\u00fade Integral &#8211; CEPESI &#8211; 2025\u201d, sob orienta\u00e7\u00e3o da Professora Mar\u00edlia Pinto Ferreira Murata.<\/p>\n<p>As informa\u00e7\u00f5es detalhadas podem ser consultadas no <a href=\"https:\/\/saude.ufpr.br\/saudecoletiva\/wp-content\/uploads\/sites\/30\/2025\/04\/EDITAL-DE-SELECAO-DISCENTE-PARA-O-PROJETO-CEPESI-2025.pdf\" target=\"_blank\" rel=\"noopener\">Edital CEPESI 2025<\/a>.<\/p>\n","protected":false},"excerpt":{"rendered":"<p>Est\u00e1 aberto o per\u00edodo de inscri\u00e7\u00f5es para candidatos(as) a bolsistas para o Projeto de Extens\u00e3o: \u201cCentro de Estudos, Pesquisa e Extens\u00e3o em Sa\u00fade Integral &#8211; CEPESI &#8211; 2025\u201d, sob orienta\u00e7\u00e3o da Professora Mar\u00edlia Pinto Ferreira Murata. As informa\u00e7\u00f5es detalhadas podem ser consultadas no Edital CEPESI 2025.<\/p>\n","protected":false},"author":1725,"featured_media":0,"comment_status":"open","ping_status":"open","sticky":false,"template":"","format":"standard","meta":{"_acf_changed":false,"_uag_custom_page_level_css":"","footnotes":""},"categories":[1],"tags":[],"class_list":["post-2323","post","type-post","status-publish","format-standard","hentry","category-sem-categoria"],"acf":[],"featured_image_src":null,"author_info":{"display_name":"vagner","author_link":"https:\/\/saude.ufpr.br\/saudecoletiva\/author\/vagner\/"},"uagb_featured_image_src":{"full":false,"thumbnail":false,"medium":false,"medium_large":false,"large":false,"1536x1536":false,"2048x2048":false,"noticias-thumb":false,"banners-thumb":false,"maisnoticias-thumb":false,"post-thumbnail":false},"uagb_author_info":{"display_name":"vagner","author_link":"https:\/\/saude.ufpr.br\/saudecoletiva\/author\/vagner\/"},"uagb_comment_info":0,"uagb_excerpt":"Est\u00e1 aberto o per\u00edodo de inscri\u00e7\u00f5es para candidatos(as) a bolsistas para o Projeto de Extens\u00e3o: \u201cCentro de Estudos, Pesquisa e Extens\u00e3o em Sa\u00fade Integral &#8211; CEPESI &#8211; 2025\u201d, sob orienta\u00e7\u00e3o da Professora Mar\u00edlia Pinto Ferreira Murata. As informa\u00e7\u00f5es detalhadas podem ser consultadas no Edital CEPESI 2025.","publishpress_future_action":{"enabled":false,"date":"2026-05-07 01:04:00","action":"change-status","newStatus":"draft","terms":[],"taxonomy":"category","extraData":[]},"publishpress_future_workflow_manual_trigger":{"enabledWorkflows":[]},"_links":{"self":[{"href":"https:\/\/saude.ufpr.br\/saudecoletiva\/wp-json\/wp\/v2\/posts\/2323","targetHints":{"allow":["GET"]}}],"collection":[{"href":"https:\/\/saude.ufpr.br\/saudecoletiva\/wp-json\/wp\/v2\/posts"}],"about":[{"href":"https:\/\/saude.ufpr.br\/saudecoletiva\/wp-json\/wp\/v2\/types\/post"}],"author":[{"embeddable":true,"href":"https:\/\/saude.ufpr.br\/saudecoletiva\/wp-json\/wp\/v2\/users\/1725"}],"replies":[{"embeddable":true,"href":"https:\/\/saude.ufpr.br\/saudecoletiva\/wp-json\/wp\/v2\/comments?post=2323"}],"version-history":[{"count":1,"href":"https:\/\/saude.ufpr.br\/saudecoletiva\/wp-json\/wp\/v2\/posts\/2323\/revisions"}],"predecessor-version":[{"id":2324,"href":"https:\/\/saude.ufpr.br\/saudecoletiva\/wp-json\/wp\/v2\/posts\/2323\/revisions\/2324"}],"wp:attachment":[{"href":"https:\/\/saude.ufpr.br\/saudecoletiva\/wp-json\/wp\/v2\/media?parent=2323"}],"wp:term":[{"taxonomy":"category","embeddable":true,"href":"https:\/\/saude.ufpr.br\/saudecoletiva\/wp-json\/wp\/v2\/categories?post=2323"},{"taxonomy":"post_tag","embeddable":true,"href":"https:\/\/saude.ufpr.br\/saudecoletiva\/wp-json\/wp\/v2\/tags?post=2323"}],"curies":[{"name":"wp","href":"https:\/\/api.w.org\/{rel}","templated":true}]}}