{"id":2437,"date":"2026-02-13T18:29:12","date_gmt":"2026-02-13T21:29:12","guid":{"rendered":"https:\/\/saude.ufpr.br\/saudecoletiva\/?p=2437"},"modified":"2026-02-13T18:29:12","modified_gmt":"2026-02-13T21:29:12","slug":"edital-de-selecao-de-monitores-programa-de-iniciacao-a-docencia-2026","status":"publish","type":"post","link":"https:\/\/saude.ufpr.br\/saudecoletiva\/2026\/02\/13\/edital-de-selecao-de-monitores-programa-de-iniciacao-a-docencia-2026\/","title":{"rendered":"Edital de sele\u00e7\u00e3o de monitores &#8211; Programa de Inicia\u00e7\u00e3o \u00e0 Doc\u00eancia 2026"},"content":{"rendered":"<p>A disciplina \u201c<strong>MS125 \u2013 Infectologia<\/strong>\u201d est\u00e1 com inscri\u00e7\u00f5es abertas para o Programa de Inicia\u00e7\u00e3o \u00e0 Doc\u00eancia.<\/p>\n<p>H\u00e1 uma vaga (com bolsa) e os interessados devem se inscrevem de <strong>25\/02 a 28\/02\/2026<\/strong>.<\/p>\n<p>Maiores informa\u00e7\u00f5es est\u00e3o dispon\u00edveis no <a href=\"https:\/\/saude.ufpr.br\/saudecoletiva\/wp-content\/uploads\/sites\/30\/2026\/02\/EDITAL-DE-SELECAO_infecto2026_1.pdf\" target=\"_blank\" rel=\"noopener\">Edital<\/a>.<\/p>\n<p>&nbsp;<\/p>\n","protected":false},"excerpt":{"rendered":"<p>A disciplina \u201cMS125 \u2013 Infectologia\u201d est\u00e1 com inscri\u00e7\u00f5es abertas para o Programa de Inicia\u00e7\u00e3o \u00e0 Doc\u00eancia. H\u00e1 uma vaga (com bolsa) e os interessados devem se inscrevem de 25\/02 a 28\/02\/2026. Maiores informa\u00e7\u00f5es est\u00e3o dispon\u00edveis no Edital. &nbsp;<\/p>\n","protected":false},"author":1725,"featured_media":0,"comment_status":"open","ping_status":"open","sticky":false,"template":"","format":"standard","meta":{"_acf_changed":false,"_uag_custom_page_level_css":"","footnotes":""},"categories":[1],"tags":[],"class_list":["post-2437","post","type-post","status-publish","format-standard","hentry","category-sem-categoria"],"acf":[],"featured_image_src":null,"author_info":{"display_name":"vagner","author_link":"https:\/\/saude.ufpr.br\/saudecoletiva\/author\/vagner\/"},"uagb_featured_image_src":{"full":false,"thumbnail":false,"medium":false,"medium_large":false,"large":false,"1536x1536":false,"2048x2048":false,"noticias-thumb":false,"banners-thumb":false,"maisnoticias-thumb":false,"post-thumbnail":false},"uagb_author_info":{"display_name":"vagner","author_link":"https:\/\/saude.ufpr.br\/saudecoletiva\/author\/vagner\/"},"uagb_comment_info":0,"uagb_excerpt":"A disciplina \u201cMS125 \u2013 Infectologia\u201d est\u00e1 com inscri\u00e7\u00f5es abertas para o Programa de Inicia\u00e7\u00e3o \u00e0 Doc\u00eancia. H\u00e1 uma vaga (com bolsa) e os interessados devem se inscrevem de 25\/02 a 28\/02\/2026. Maiores informa\u00e7\u00f5es est\u00e3o dispon\u00edveis no Edital. &nbsp;","publishpress_future_action":{"enabled":false,"date":"2026-05-03 19:50:19","action":"change-status","newStatus":"draft","terms":[],"taxonomy":"category","extraData":[]},"publishpress_future_workflow_manual_trigger":{"enabledWorkflows":[]},"_links":{"self":[{"href":"https:\/\/saude.ufpr.br\/saudecoletiva\/wp-json\/wp\/v2\/posts\/2437","targetHints":{"allow":["GET"]}}],"collection":[{"href":"https:\/\/saude.ufpr.br\/saudecoletiva\/wp-json\/wp\/v2\/posts"}],"about":[{"href":"https:\/\/saude.ufpr.br\/saudecoletiva\/wp-json\/wp\/v2\/types\/post"}],"author":[{"embeddable":true,"href":"https:\/\/saude.ufpr.br\/saudecoletiva\/wp-json\/wp\/v2\/users\/1725"}],"replies":[{"embeddable":true,"href":"https:\/\/saude.ufpr.br\/saudecoletiva\/wp-json\/wp\/v2\/comments?post=2437"}],"version-history":[{"count":1,"href":"https:\/\/saude.ufpr.br\/saudecoletiva\/wp-json\/wp\/v2\/posts\/2437\/revisions"}],"predecessor-version":[{"id":2442,"href":"https:\/\/saude.ufpr.br\/saudecoletiva\/wp-json\/wp\/v2\/posts\/2437\/revisions\/2442"}],"wp:attachment":[{"href":"https:\/\/saude.ufpr.br\/saudecoletiva\/wp-json\/wp\/v2\/media?parent=2437"}],"wp:term":[{"taxonomy":"category","embeddable":true,"href":"https:\/\/saude.ufpr.br\/saudecoletiva\/wp-json\/wp\/v2\/categories?post=2437"},{"taxonomy":"post_tag","embeddable":true,"href":"https:\/\/saude.ufpr.br\/saudecoletiva\/wp-json\/wp\/v2\/tags?post=2437"}],"curies":[{"name":"wp","href":"https:\/\/api.w.org\/{rel}","templated":true}]}}