{"id":2486,"date":"2026-02-23T15:37:36","date_gmt":"2026-02-23T18:37:36","guid":{"rendered":"https:\/\/saude.ufpr.br\/saudecoletiva\/?p=2486"},"modified":"2026-02-27T17:52:43","modified_gmt":"2026-02-27T20:52:43","slug":"selecao-de-monitores-para-ms109-ergonomia","status":"publish","type":"post","link":"https:\/\/saude.ufpr.br\/saudecoletiva\/2026\/02\/23\/selecao-de-monitores-para-ms109-ergonomia\/","title":{"rendered":"Sele\u00e7\u00e3o de monitores para MS109 \u2013 Ergonomia"},"content":{"rendered":"<p>A disciplina \u201c<strong>MS109 \u2013 Ergonomia<\/strong>\u201d, do curso de Terapia Ocupacional (<strong>Diurno<\/strong>) est\u00e1 com inscri\u00e7\u00f5es abertas para o Programa Institucional de Monitoria.<\/p>\n<p>H\u00e1 duas vagas (uma com bolsa e uma volunt\u00e1ria) e os interessados devem se inscrevem de <strong>20\/02 a 24\/02\/2026<\/strong>.<\/p>\n<p>Maiores informa\u00e7\u00f5es est\u00e3o dispon\u00edveis no <a href=\"https:\/\/saude.ufpr.br\/saudecoletiva\/wp-content\/uploads\/sites\/30\/2026\/02\/Edital_Selecao_Monitoria_MS109_26-1.pdf\" target=\"_blank\" rel=\"noopener\">Edital Sele\u00e7\u00e3o MS109 &#8211; 2026-1<\/a>.<\/p>\n<p>&nbsp;<\/p>\n<p>Resultado: <a href=\"https:\/\/saude.ufpr.br\/saudecoletiva\/wp-content\/uploads\/sites\/30\/2026\/02\/Edital_Resultado-da-Selecao_Monitoria_MS109_26-1.pdf\" target=\"_blank\" rel=\"noopener\">Edital de Resultado da Sele\u00e7\u00e3o de Monitoria: MS109 &#8211; 2026-1<\/a><\/p>\n","protected":false},"excerpt":{"rendered":"<p>A disciplina \u201cMS109 \u2013 Ergonomia\u201d, do curso de Terapia Ocupacional (Diurno) est\u00e1 com inscri\u00e7\u00f5es abertas para o Programa Institucional de Monitoria. H\u00e1 duas vagas (uma com bolsa e uma volunt\u00e1ria) e os interessados devem se inscrevem de 20\/02 a 24\/02\/2026. Maiores informa\u00e7\u00f5es est\u00e3o dispon\u00edveis no Edital Sele\u00e7\u00e3o MS109 &#8211; 2026-1. &nbsp; Resultado: Edital de Resultado<br \/> <a href=\"https:\/\/saude.ufpr.br\/saudecoletiva\/2026\/02\/23\/selecao-de-monitores-para-ms109-ergonomia\/\" class=\"button success small readmore\">Leia mais<\/a><\/p>\n","protected":false},"author":1725,"featured_media":0,"comment_status":"open","ping_status":"open","sticky":false,"template":"","format":"standard","meta":{"_acf_changed":false,"_uag_custom_page_level_css":"","footnotes":""},"categories":[1],"tags":[],"class_list":["post-2486","post","type-post","status-publish","format-standard","hentry","category-sem-categoria"],"acf":[],"featured_image_src":null,"author_info":{"display_name":"vagner","author_link":"https:\/\/saude.ufpr.br\/saudecoletiva\/author\/vagner\/"},"uagb_featured_image_src":{"full":false,"thumbnail":false,"medium":false,"medium_large":false,"large":false,"1536x1536":false,"2048x2048":false,"noticias-thumb":false,"banners-thumb":false,"maisnoticias-thumb":false,"post-thumbnail":false},"uagb_author_info":{"display_name":"vagner","author_link":"https:\/\/saude.ufpr.br\/saudecoletiva\/author\/vagner\/"},"uagb_comment_info":0,"uagb_excerpt":"A disciplina \u201cMS109 \u2013 Ergonomia\u201d, do curso de Terapia Ocupacional (Diurno) est\u00e1 com inscri\u00e7\u00f5es abertas para o Programa Institucional de Monitoria. H\u00e1 duas vagas (uma com bolsa e uma volunt\u00e1ria) e os interessados devem se inscrevem de 20\/02 a 24\/02\/2026. Maiores informa\u00e7\u00f5es est\u00e3o dispon\u00edveis no Edital Sele\u00e7\u00e3o MS109 &#8211; 2026-1. &nbsp; Resultado: Edital de Resultado&hellip;","publishpress_future_action":{"enabled":false,"date":"2026-05-03 08:03:16","action":"change-status","newStatus":"draft","terms":[],"taxonomy":"category","extraData":[]},"publishpress_future_workflow_manual_trigger":{"enabledWorkflows":[]},"_links":{"self":[{"href":"https:\/\/saude.ufpr.br\/saudecoletiva\/wp-json\/wp\/v2\/posts\/2486","targetHints":{"allow":["GET"]}}],"collection":[{"href":"https:\/\/saude.ufpr.br\/saudecoletiva\/wp-json\/wp\/v2\/posts"}],"about":[{"href":"https:\/\/saude.ufpr.br\/saudecoletiva\/wp-json\/wp\/v2\/types\/post"}],"author":[{"embeddable":true,"href":"https:\/\/saude.ufpr.br\/saudecoletiva\/wp-json\/wp\/v2\/users\/1725"}],"replies":[{"embeddable":true,"href":"https:\/\/saude.ufpr.br\/saudecoletiva\/wp-json\/wp\/v2\/comments?post=2486"}],"version-history":[{"count":3,"href":"https:\/\/saude.ufpr.br\/saudecoletiva\/wp-json\/wp\/v2\/posts\/2486\/revisions"}],"predecessor-version":[{"id":2497,"href":"https:\/\/saude.ufpr.br\/saudecoletiva\/wp-json\/wp\/v2\/posts\/2486\/revisions\/2497"}],"wp:attachment":[{"href":"https:\/\/saude.ufpr.br\/saudecoletiva\/wp-json\/wp\/v2\/media?parent=2486"}],"wp:term":[{"taxonomy":"category","embeddable":true,"href":"https:\/\/saude.ufpr.br\/saudecoletiva\/wp-json\/wp\/v2\/categories?post=2486"},{"taxonomy":"post_tag","embeddable":true,"href":"https:\/\/saude.ufpr.br\/saudecoletiva\/wp-json\/wp\/v2\/tags?post=2486"}],"curies":[{"name":"wp","href":"https:\/\/api.w.org\/{rel}","templated":true}]}}